{"id":7090,"date":"2021-12-06T08:20:46","date_gmt":"2021-12-06T11:20:46","guid":{"rendered":"http:\/\/www.obispadorqta.org.ar\/v3\/?p=7090"},"modified":"2021-12-06T08:21:36","modified_gmt":"2021-12-06T11:21:36","slug":"7090-2","status":"publish","type":"post","link":"https:\/\/www.obispadorqta.org.ar\/v3\/7090-2\/","title":{"rendered":"INMACULADA CONCEPCI\u00d3N"},"content":{"rendered":"<p style=\"text-align: justify;\">Estamos llegando a una de las fiestas m\u00e1s sentidas de toda la Di\u00f3cesis, la celebraci\u00f3n de la Inmaculada Concepci\u00f3n de Mar\u00eda. No solamente la tenemos como patrona de dos queridas comunidades parroquiales: Inmaculada Concepci\u00f3n de Reconquista, e Inmaculada Concepci\u00f3n de Villa Ocampo.<\/p>\n<p style=\"text-align: justify;\">Tambi\u00e9n se celebra con mucho afecto en otras parroquias y capillas de nuestra comunidad diocesana. A Mar\u00eda Inmaculada le pedimos el don de la \u00abescucha\u00bb, es este per\u00edodo inicial del S\u00ednodo sobre la Sinodalidad que estamos recorriendo.<\/p>\n<p style=\"text-align: justify;\">Y que por su intercesi\u00f3n, Dios bendiga nuestro caminar.<\/p>\n","protected":false},"excerpt":{"rendered":"<div class=\"mh-excerpt\"><p>Estamos llegando a una de las fiestas m\u00e1s sentidas de toda la Di\u00f3cesis, la celebraci\u00f3n de la Inmaculada Concepci\u00f3n de Mar\u00eda. No solamente la tenemos <a class=\"mh-excerpt-more\" href=\"https:\/\/www.obispadorqta.org.ar\/v3\/7090-2\/\" title=\"INMACULADA CONCEPCI\u00d3N\">[&#8230;]<\/a><\/p>\n<\/div>","protected":false},"author":3,"featured_media":5947,"comment_status":"closed","ping_status":"open","sticky":false,"template":"","format":"standard","meta":{"footnotes":""},"categories":[6,28],"tags":[],"class_list":["post-7090","post","type-post","status-publish","format-standard","has-post-thumbnail","hentry","category-news","category-latest-news"],"_links":{"self":[{"href":"https:\/\/www.obispadorqta.org.ar\/v3\/wp-json\/wp\/v2\/posts\/7090","targetHints":{"allow":["GET"]}}],"collection":[{"href":"https:\/\/www.obispadorqta.org.ar\/v3\/wp-json\/wp\/v2\/posts"}],"about":[{"href":"https:\/\/www.obispadorqta.org.ar\/v3\/wp-json\/wp\/v2\/types\/post"}],"author":[{"embeddable":true,"href":"https:\/\/www.obispadorqta.org.ar\/v3\/wp-json\/wp\/v2\/users\/3"}],"replies":[{"embeddable":true,"href":"https:\/\/www.obispadorqta.org.ar\/v3\/wp-json\/wp\/v2\/comments?post=7090"}],"version-history":[{"count":2,"href":"https:\/\/www.obispadorqta.org.ar\/v3\/wp-json\/wp\/v2\/posts\/7090\/revisions"}],"predecessor-version":[{"id":7092,"href":"https:\/\/www.obispadorqta.org.ar\/v3\/wp-json\/wp\/v2\/posts\/7090\/revisions\/7092"}],"wp:featuredmedia":[{"embeddable":true,"href":"https:\/\/www.obispadorqta.org.ar\/v3\/wp-json\/wp\/v2\/media\/5947"}],"wp:attachment":[{"href":"https:\/\/www.obispadorqta.org.ar\/v3\/wp-json\/wp\/v2\/media?parent=7090"}],"wp:term":[{"taxonomy":"category","embeddable":true,"href":"https:\/\/www.obispadorqta.org.ar\/v3\/wp-json\/wp\/v2\/categories?post=7090"},{"taxonomy":"post_tag","embeddable":true,"href":"https:\/\/www.obispadorqta.org.ar\/v3\/wp-json\/wp\/v2\/tags?post=7090"}],"curies":[{"name":"wp","href":"https:\/\/api.w.org\/{rel}","templated":true}]}}