{"id":7094,"date":"2021-12-06T08:35:46","date_gmt":"2021-12-06T11:35:46","guid":{"rendered":"http:\/\/www.obispadorqta.org.ar\/v3\/?p=7094"},"modified":"2021-12-06T08:36:10","modified_gmt":"2021-12-06T11:36:10","slug":"ordenacion-diaconal-6","status":"publish","type":"post","link":"https:\/\/www.obispadorqta.org.ar\/v3\/ordenacion-diaconal-6\/","title":{"rendered":"ORDENACI\u00d3N DIACONAL"},"content":{"rendered":"<p style=\"text-align: justify;\">El pr\u00f3ximo viernes 10, en la capilla Ntra. Sra. de Lourdes de Avellaneda, viviremos con mucha alegr\u00eda la ordenaci\u00f3n diaconal de Nicol\u00e1s Lastra, quien seguir\u00e1 su camino hacia el sacerdocio.<\/p>\n<p style=\"text-align: justify;\">Recemos por su entrega y fidelidad.<\/p>\n","protected":false},"excerpt":{"rendered":"<div class=\"mh-excerpt\"><p>El pr\u00f3ximo viernes 10, en la capilla Ntra. Sra. de Lourdes de Avellaneda, viviremos con mucha alegr\u00eda la ordenaci\u00f3n diaconal de Nicol\u00e1s Lastra, quien seguir\u00e1 <a class=\"mh-excerpt-more\" href=\"https:\/\/www.obispadorqta.org.ar\/v3\/ordenacion-diaconal-6\/\" title=\"ORDENACI\u00d3N DIACONAL\">[&#8230;]<\/a><\/p>\n<\/div>","protected":false},"author":3,"featured_media":7098,"comment_status":"closed","ping_status":"open","sticky":false,"template":"","format":"standard","meta":{"footnotes":""},"categories":[6,28],"tags":[],"class_list":["post-7094","post","type-post","status-publish","format-standard","has-post-thumbnail","hentry","category-news","category-latest-news"],"_links":{"self":[{"href":"https:\/\/www.obispadorqta.org.ar\/v3\/wp-json\/wp\/v2\/posts\/7094","targetHints":{"allow":["GET"]}}],"collection":[{"href":"https:\/\/www.obispadorqta.org.ar\/v3\/wp-json\/wp\/v2\/posts"}],"about":[{"href":"https:\/\/www.obispadorqta.org.ar\/v3\/wp-json\/wp\/v2\/types\/post"}],"author":[{"embeddable":true,"href":"https:\/\/www.obispadorqta.org.ar\/v3\/wp-json\/wp\/v2\/users\/3"}],"replies":[{"embeddable":true,"href":"https:\/\/www.obispadorqta.org.ar\/v3\/wp-json\/wp\/v2\/comments?post=7094"}],"version-history":[{"count":2,"href":"https:\/\/www.obispadorqta.org.ar\/v3\/wp-json\/wp\/v2\/posts\/7094\/revisions"}],"predecessor-version":[{"id":7097,"href":"https:\/\/www.obispadorqta.org.ar\/v3\/wp-json\/wp\/v2\/posts\/7094\/revisions\/7097"}],"wp:featuredmedia":[{"embeddable":true,"href":"https:\/\/www.obispadorqta.org.ar\/v3\/wp-json\/wp\/v2\/media\/7098"}],"wp:attachment":[{"href":"https:\/\/www.obispadorqta.org.ar\/v3\/wp-json\/wp\/v2\/media?parent=7094"}],"wp:term":[{"taxonomy":"category","embeddable":true,"href":"https:\/\/www.obispadorqta.org.ar\/v3\/wp-json\/wp\/v2\/categories?post=7094"},{"taxonomy":"post_tag","embeddable":true,"href":"https:\/\/www.obispadorqta.org.ar\/v3\/wp-json\/wp\/v2\/tags?post=7094"}],"curies":[{"name":"wp","href":"https:\/\/api.w.org\/{rel}","templated":true}]}}