{"id":7115,"date":"2021-12-13T09:19:53","date_gmt":"2021-12-13T12:19:53","guid":{"rendered":"http:\/\/www.obispadorqta.org.ar\/v3\/?p=7115"},"modified":"2021-12-13T09:21:53","modified_gmt":"2021-12-13T12:21:53","slug":"encuentro-de-jovenes","status":"publish","type":"post","link":"https:\/\/www.obispadorqta.org.ar\/v3\/encuentro-de-jovenes\/","title":{"rendered":"ENCUENTRO DE J\u00d3VENES"},"content":{"rendered":"<p style=\"text-align: justify;\"><span style=\"color: #000000;\">El s\u00e1bado 18 de diciembre, en Calchaqu\u00ed, se realizar\u00e1 un encuentro diocesano juvenil denominado <strong>24 H.<\/strong><\/span><\/p>\n<p style=\"text-align: justify;\"><span style=\"color: #000000;\">Se trata de una iniciativa de la Pastoral Juvenil, la Pastoral Vocacional y la Pastoral Misionera de la Di\u00f3cesis, en vistas a realizar una experiencia de convivencia, oraci\u00f3n, misi\u00f3n, durante 24 horas seguidas.<\/span><\/p>\n<p style=\"text-align: justify;\"><span style=\"color: #000000;\">Una ocasi\u00f3n m\u00e1s que propicia para que los j\u00f3venes tengan un espacio para compartir con otros j\u00f3venes y para descubrir la alegr\u00eda de seguir a Jes\u00fas.<\/span><\/p>\n","protected":false},"excerpt":{"rendered":"<div class=\"mh-excerpt\"><p>El s\u00e1bado 18 de diciembre, en Calchaqu\u00ed, se realizar\u00e1 un encuentro diocesano juvenil denominado 24 H. Se trata de una iniciativa de la Pastoral Juvenil, <a class=\"mh-excerpt-more\" href=\"https:\/\/www.obispadorqta.org.ar\/v3\/encuentro-de-jovenes\/\" title=\"ENCUENTRO DE J\u00d3VENES\">[&#8230;]<\/a><\/p>\n<\/div>","protected":false},"author":3,"featured_media":7119,"comment_status":"closed","ping_status":"open","sticky":false,"template":"","format":"standard","meta":{"footnotes":""},"categories":[6,28],"tags":[],"class_list":["post-7115","post","type-post","status-publish","format-standard","has-post-thumbnail","hentry","category-news","category-latest-news"],"_links":{"self":[{"href":"https:\/\/www.obispadorqta.org.ar\/v3\/wp-json\/wp\/v2\/posts\/7115","targetHints":{"allow":["GET"]}}],"collection":[{"href":"https:\/\/www.obispadorqta.org.ar\/v3\/wp-json\/wp\/v2\/posts"}],"about":[{"href":"https:\/\/www.obispadorqta.org.ar\/v3\/wp-json\/wp\/v2\/types\/post"}],"author":[{"embeddable":true,"href":"https:\/\/www.obispadorqta.org.ar\/v3\/wp-json\/wp\/v2\/users\/3"}],"replies":[{"embeddable":true,"href":"https:\/\/www.obispadorqta.org.ar\/v3\/wp-json\/wp\/v2\/comments?post=7115"}],"version-history":[{"count":2,"href":"https:\/\/www.obispadorqta.org.ar\/v3\/wp-json\/wp\/v2\/posts\/7115\/revisions"}],"predecessor-version":[{"id":7121,"href":"https:\/\/www.obispadorqta.org.ar\/v3\/wp-json\/wp\/v2\/posts\/7115\/revisions\/7121"}],"wp:featuredmedia":[{"embeddable":true,"href":"https:\/\/www.obispadorqta.org.ar\/v3\/wp-json\/wp\/v2\/media\/7119"}],"wp:attachment":[{"href":"https:\/\/www.obispadorqta.org.ar\/v3\/wp-json\/wp\/v2\/media?parent=7115"}],"wp:term":[{"taxonomy":"category","embeddable":true,"href":"https:\/\/www.obispadorqta.org.ar\/v3\/wp-json\/wp\/v2\/categories?post=7115"},{"taxonomy":"post_tag","embeddable":true,"href":"https:\/\/www.obispadorqta.org.ar\/v3\/wp-json\/wp\/v2\/tags?post=7115"}],"curies":[{"name":"wp","href":"https:\/\/api.w.org\/{rel}","templated":true}]}}