{"id":7122,"date":"2021-12-13T10:10:58","date_gmt":"2021-12-13T13:10:58","guid":{"rendered":"http:\/\/www.obispadorqta.org.ar\/v3\/?p=7122"},"modified":"2021-12-14T09:50:22","modified_gmt":"2021-12-14T12:50:22","slug":"ordenacion-sacerdotal-del-diacono-luciano-carneiro","status":"publish","type":"post","link":"https:\/\/www.obispadorqta.org.ar\/v3\/ordenacion-sacerdotal-del-diacono-luciano-carneiro\/","title":{"rendered":"ORDENACI\u00d3N SACERDOTAL DEL DI\u00c1CONO LUCIANO CARNEIRO"},"content":{"rendered":"<p style=\"text-align: justify;\">El domingo 19, a las 19 hs, en la Parroquia \u00abSan Luis Gonz\u00e1ga\u00bb de Calchaqu\u00ed ser\u00e1 ordenado sacerdote el Diac. Luciano Carneiro, por la imposici\u00f3n de manos y oraci\u00f3n consecratoria del obispo diocesano, Mons. \u00c1ngel Jos\u00e9 Mac\u00edn.<\/p>\n<p style=\"text-align: justify;\">El lunes 20, el nuevo sacerdote presidir\u00e1 su primera misa en esa misma comunidad a las 20 hs.<\/p>\n<p style=\"text-align: justify;\">Acompa\u00f1emos a Luciano con nuestra oraci\u00f3n y, si podemos, con nuestra presencia.<\/p>\n\n\n<figure class=\"wp-block-gallery columns-1 is-cropped wp-block-gallery-1 is-layout-flex wp-block-gallery-is-layout-flex\"><ul class=\"blocks-gallery-grid\"><li class=\"blocks-gallery-item\"><figure><img loading=\"lazy\" decoding=\"async\" width=\"724\" height=\"1024\" src=\"https:\/\/www.obispadorqta.org.ar\/v3\/wp-content\/uploads\/2021\/12\/ordenaci\u00f3n-724x1024.jpg\" alt=\"\" data-id=\"7123\" data-full-url=\"https:\/\/www.obispadorqta.org.ar\/v3\/wp-content\/uploads\/2021\/12\/ordenaci\u00f3n.jpg\" data-link=\"https:\/\/www.obispadorqta.org.ar\/v3\/?attachment_id=7123\" class=\"wp-image-7123\" srcset=\"https:\/\/www.obispadorqta.org.ar\/v3\/wp-content\/uploads\/2021\/12\/ordenaci\u00f3n-724x1024.jpg 724w, https:\/\/www.obispadorqta.org.ar\/v3\/wp-content\/uploads\/2021\/12\/ordenaci\u00f3n-212x300.jpg 212w, https:\/\/www.obispadorqta.org.ar\/v3\/wp-content\/uploads\/2021\/12\/ordenaci\u00f3n-768x1087.jpg 768w, https:\/\/www.obispadorqta.org.ar\/v3\/wp-content\/uploads\/2021\/12\/ordenaci\u00f3n.jpg 793w\" sizes=\"auto, (max-width: 724px) 100vw, 724px\" \/><\/figure><\/li><\/ul><\/figure>\n\n\n\n<p><\/p>\n\n\n\n<p><\/p>\n\n\n\n<p><\/p>\n","protected":false},"excerpt":{"rendered":"<div class=\"mh-excerpt\"><p>El domingo 19, a las 19 hs, en la Parroquia \u00abSan Luis Gonz\u00e1ga\u00bb de Calchaqu\u00ed ser\u00e1 ordenado sacerdote el Diac. Luciano Carneiro, por la imposici\u00f3n <a class=\"mh-excerpt-more\" href=\"https:\/\/www.obispadorqta.org.ar\/v3\/ordenacion-sacerdotal-del-diacono-luciano-carneiro\/\" title=\"ORDENACI\u00d3N SACERDOTAL DEL DI\u00c1CONO LUCIANO CARNEIRO\">[&#8230;]<\/a><\/p>\n<\/div>","protected":false},"author":3,"featured_media":7126,"comment_status":"closed","ping_status":"open","sticky":false,"template":"","format":"standard","meta":{"footnotes":""},"categories":[6,28],"tags":[],"class_list":["post-7122","post","type-post","status-publish","format-standard","has-post-thumbnail","hentry","category-news","category-latest-news"],"_links":{"self":[{"href":"https:\/\/www.obispadorqta.org.ar\/v3\/wp-json\/wp\/v2\/posts\/7122","targetHints":{"allow":["GET"]}}],"collection":[{"href":"https:\/\/www.obispadorqta.org.ar\/v3\/wp-json\/wp\/v2\/posts"}],"about":[{"href":"https:\/\/www.obispadorqta.org.ar\/v3\/wp-json\/wp\/v2\/types\/post"}],"author":[{"embeddable":true,"href":"https:\/\/www.obispadorqta.org.ar\/v3\/wp-json\/wp\/v2\/users\/3"}],"replies":[{"embeddable":true,"href":"https:\/\/www.obispadorqta.org.ar\/v3\/wp-json\/wp\/v2\/comments?post=7122"}],"version-history":[{"count":3,"href":"https:\/\/www.obispadorqta.org.ar\/v3\/wp-json\/wp\/v2\/posts\/7122\/revisions"}],"predecessor-version":[{"id":7133,"href":"https:\/\/www.obispadorqta.org.ar\/v3\/wp-json\/wp\/v2\/posts\/7122\/revisions\/7133"}],"wp:featuredmedia":[{"embeddable":true,"href":"https:\/\/www.obispadorqta.org.ar\/v3\/wp-json\/wp\/v2\/media\/7126"}],"wp:attachment":[{"href":"https:\/\/www.obispadorqta.org.ar\/v3\/wp-json\/wp\/v2\/media?parent=7122"}],"wp:term":[{"taxonomy":"category","embeddable":true,"href":"https:\/\/www.obispadorqta.org.ar\/v3\/wp-json\/wp\/v2\/categories?post=7122"},{"taxonomy":"post_tag","embeddable":true,"href":"https:\/\/www.obispadorqta.org.ar\/v3\/wp-json\/wp\/v2\/tags?post=7122"}],"curies":[{"name":"wp","href":"https:\/\/api.w.org\/{rel}","templated":true}]}}