{"id":7128,"date":"2021-12-13T10:26:55","date_gmt":"2021-12-13T13:26:55","guid":{"rendered":"http:\/\/www.obispadorqta.org.ar\/v3\/?p=7128"},"modified":"2021-12-23T11:24:18","modified_gmt":"2021-12-23T14:24:18","slug":"pastoral-de-migraciones","status":"publish","type":"post","link":"https:\/\/www.obispadorqta.org.ar\/v3\/pastoral-de-migraciones\/","title":{"rendered":"PASTORAL DE MIGRACIONES"},"content":{"rendered":"<p style=\"text-align: justify;\"><span style=\"color: #000000;\">El martes 14 de diciembre, nuestro obispo diocesano, Mons. \u00c1ngel Jos\u00e9 Mac\u00edn, nuevo Presidente de la Comisi\u00f3n Episcopal de Migrantes, Itinerantes y Refugiados, viajar\u00e1 a Buenos Aires, para asumir sus responsabilidades en esta tarea que los dem\u00e1s obispos le han confiado.<\/span><\/p>\n<p style=\"text-align: justify;\"><span style=\"color: #000000;\">Los obispos, adem\u00e1s de estar estrechamente vinculados a un territorio, est\u00e1n llamados a ofrecer parte de su tiempo para la misi\u00f3n universal de la Iglesia.<\/span><\/p>\n<p style=\"text-align: justify;\"><span style=\"color: #000000;\">Acompa\u00f1amos a nuestro obispo diocesano en esta nueva responsabilidad encomendada.<\/span><\/p>\n","protected":false},"excerpt":{"rendered":"<div class=\"mh-excerpt\"><p>El martes 14 de diciembre, nuestro obispo diocesano, Mons. \u00c1ngel Jos\u00e9 Mac\u00edn, nuevo Presidente de la Comisi\u00f3n Episcopal de Migrantes, Itinerantes y Refugiados, viajar\u00e1 a <a class=\"mh-excerpt-more\" href=\"https:\/\/www.obispadorqta.org.ar\/v3\/pastoral-de-migraciones\/\" title=\"PASTORAL DE MIGRACIONES\">[&#8230;]<\/a><\/p>\n<\/div>","protected":false},"author":3,"featured_media":7132,"comment_status":"closed","ping_status":"open","sticky":false,"template":"","format":"standard","meta":{"footnotes":""},"categories":[6,28],"tags":[],"class_list":["post-7128","post","type-post","status-publish","format-standard","has-post-thumbnail","hentry","category-news","category-latest-news"],"_links":{"self":[{"href":"https:\/\/www.obispadorqta.org.ar\/v3\/wp-json\/wp\/v2\/posts\/7128","targetHints":{"allow":["GET"]}}],"collection":[{"href":"https:\/\/www.obispadorqta.org.ar\/v3\/wp-json\/wp\/v2\/posts"}],"about":[{"href":"https:\/\/www.obispadorqta.org.ar\/v3\/wp-json\/wp\/v2\/types\/post"}],"author":[{"embeddable":true,"href":"https:\/\/www.obispadorqta.org.ar\/v3\/wp-json\/wp\/v2\/users\/3"}],"replies":[{"embeddable":true,"href":"https:\/\/www.obispadorqta.org.ar\/v3\/wp-json\/wp\/v2\/comments?post=7128"}],"version-history":[{"count":1,"href":"https:\/\/www.obispadorqta.org.ar\/v3\/wp-json\/wp\/v2\/posts\/7128\/revisions"}],"predecessor-version":[{"id":7130,"href":"https:\/\/www.obispadorqta.org.ar\/v3\/wp-json\/wp\/v2\/posts\/7128\/revisions\/7130"}],"wp:featuredmedia":[{"embeddable":true,"href":"https:\/\/www.obispadorqta.org.ar\/v3\/wp-json\/wp\/v2\/media\/7132"}],"wp:attachment":[{"href":"https:\/\/www.obispadorqta.org.ar\/v3\/wp-json\/wp\/v2\/media?parent=7128"}],"wp:term":[{"taxonomy":"category","embeddable":true,"href":"https:\/\/www.obispadorqta.org.ar\/v3\/wp-json\/wp\/v2\/categories?post=7128"},{"taxonomy":"post_tag","embeddable":true,"href":"https:\/\/www.obispadorqta.org.ar\/v3\/wp-json\/wp\/v2\/tags?post=7128"}],"curies":[{"name":"wp","href":"https:\/\/api.w.org\/{rel}","templated":true}]}}