{"id":7135,"date":"2021-12-20T11:13:37","date_gmt":"2021-12-20T14:13:37","guid":{"rendered":"http:\/\/www.obispadorqta.org.ar\/v3\/?p=7135"},"modified":"2021-12-20T11:13:49","modified_gmt":"2021-12-20T14:13:49","slug":"admision-al-diaconado-permanente","status":"publish","type":"post","link":"https:\/\/www.obispadorqta.org.ar\/v3\/admision-al-diaconado-permanente\/","title":{"rendered":"Admisi\u00f3n al Diaconado Permanente"},"content":{"rendered":"<p style=\"text-align: justify;\">Con alegr\u00eda, desde el Obispado de Reconquista, invitamos a participar de la Admisi\u00f3n al Diaconado permanente del Sr. V\u00edctor Hugo Gonz\u00e1lez, que se llevar\u00e1 a cabo en el Costurero Guadalupe, ubicado en calle 47 y 68, del barrio Guadalupe de la ciudad de Reconquista, perteneciente a la parroquia \u00abMar\u00eda Madre de Dios\u00bb.<\/p>\n<p style=\"text-align: justify;\">La celebraci\u00f3n ser\u00e1 este martes 21 a las 18:30 horas, y ser\u00e1 presidida por el Obispo Diocesano, Mons. Dr. \u00c1ngel Jos\u00e9 Mac\u00edn.<\/p>\n<p><img loading=\"lazy\" decoding=\"async\" class=\"aligncenter size-full wp-image-7137\" src=\"https:\/\/www.obispadorqta.org.ar\/v3\/wp-content\/uploads\/2021\/12\/Diaconado-Permanente.jpg\" alt=\"\" width=\"227\" height=\"511\" srcset=\"https:\/\/www.obispadorqta.org.ar\/v3\/wp-content\/uploads\/2021\/12\/Diaconado-Permanente.jpg 227w, https:\/\/www.obispadorqta.org.ar\/v3\/wp-content\/uploads\/2021\/12\/Diaconado-Permanente-133x300.jpg 133w\" sizes=\"auto, (max-width: 227px) 100vw, 227px\" \/><\/p>\n\n\n<p><\/p>\n","protected":false},"excerpt":{"rendered":"<div class=\"mh-excerpt\"><p>Con alegr\u00eda, desde el Obispado de Reconquista, invitamos a participar de la Admisi\u00f3n al Diaconado permanente del Sr. V\u00edctor Hugo Gonz\u00e1lez, que se llevar\u00e1 a <a class=\"mh-excerpt-more\" href=\"https:\/\/www.obispadorqta.org.ar\/v3\/admision-al-diaconado-permanente\/\" title=\"Admisi\u00f3n al Diaconado Permanente\">[&#8230;]<\/a><\/p>\n<\/div>","protected":false},"author":2,"featured_media":7139,"comment_status":"closed","ping_status":"open","sticky":false,"template":"","format":"standard","meta":{"footnotes":""},"categories":[6,28],"tags":[],"class_list":["post-7135","post","type-post","status-publish","format-standard","has-post-thumbnail","hentry","category-news","category-latest-news"],"_links":{"self":[{"href":"https:\/\/www.obispadorqta.org.ar\/v3\/wp-json\/wp\/v2\/posts\/7135","targetHints":{"allow":["GET"]}}],"collection":[{"href":"https:\/\/www.obispadorqta.org.ar\/v3\/wp-json\/wp\/v2\/posts"}],"about":[{"href":"https:\/\/www.obispadorqta.org.ar\/v3\/wp-json\/wp\/v2\/types\/post"}],"author":[{"embeddable":true,"href":"https:\/\/www.obispadorqta.org.ar\/v3\/wp-json\/wp\/v2\/users\/2"}],"replies":[{"embeddable":true,"href":"https:\/\/www.obispadorqta.org.ar\/v3\/wp-json\/wp\/v2\/comments?post=7135"}],"version-history":[{"count":2,"href":"https:\/\/www.obispadorqta.org.ar\/v3\/wp-json\/wp\/v2\/posts\/7135\/revisions"}],"predecessor-version":[{"id":7140,"href":"https:\/\/www.obispadorqta.org.ar\/v3\/wp-json\/wp\/v2\/posts\/7135\/revisions\/7140"}],"wp:featuredmedia":[{"embeddable":true,"href":"https:\/\/www.obispadorqta.org.ar\/v3\/wp-json\/wp\/v2\/media\/7139"}],"wp:attachment":[{"href":"https:\/\/www.obispadorqta.org.ar\/v3\/wp-json\/wp\/v2\/media?parent=7135"}],"wp:term":[{"taxonomy":"category","embeddable":true,"href":"https:\/\/www.obispadorqta.org.ar\/v3\/wp-json\/wp\/v2\/categories?post=7135"},{"taxonomy":"post_tag","embeddable":true,"href":"https:\/\/www.obispadorqta.org.ar\/v3\/wp-json\/wp\/v2\/tags?post=7135"}],"curies":[{"name":"wp","href":"https:\/\/api.w.org\/{rel}","templated":true}]}}