{"id":7161,"date":"2021-12-21T11:22:29","date_gmt":"2021-12-21T14:22:29","guid":{"rendered":"http:\/\/www.obispadorqta.org.ar\/v3\/?p=7161"},"modified":"2021-12-23T11:25:02","modified_gmt":"2021-12-23T14:25:02","slug":"visita-del-p-miguel-tofful","status":"publish","type":"post","link":"https:\/\/www.obispadorqta.org.ar\/v3\/visita-del-p-miguel-tofful\/","title":{"rendered":"Visita del P. Miguel Tofful"},"content":{"rendered":"<p style=\"text-align: justify;\">En el d\u00eda de la fecha, el Obispo Diocesano, Mons. Dr. \u00c1ngel Jos\u00e9 Mac\u00edn, recibi\u00f3 la visita del Superior General de la orden de los Pobres Siervos de la Divina Providencia, P. Miguel Tofful, qui\u00e9n en estos d\u00edas se encuentra en la di\u00f3cesis, visitando a familiares, ya que es oriundo de la localidad de La Esmeralda, y a las comunidades de los Pobres Siervos de la Divina Providencia.<\/p>\n<p style=\"text-align: justify;\">En este compartir fraterno, adem\u00e1s del saludo navide\u00f1o correspondiente, el obispo diocesano, Mons. \u00c1ngel Jos\u00e9 y el P. Miguel dialogaron sobre las distintas tareas llevadas a cabo en este a\u00f1o y plantearon los desaf\u00edos de las nuevas realidades en el contexto actual de la vida pastoral.<\/p>\n<p style=\"text-align: justify;\">Agradecemos la visita del P. Miguel Tofful, y rezamos por su ministerio y su servicio a la Iglesia.<\/p>\n","protected":false},"excerpt":{"rendered":"<div class=\"mh-excerpt\"><p>En el d\u00eda de la fecha, el Obispo Diocesano, Mons. Dr. \u00c1ngel Jos\u00e9 Mac\u00edn, recibi\u00f3 la visita del Superior General de la orden de los <a class=\"mh-excerpt-more\" href=\"https:\/\/www.obispadorqta.org.ar\/v3\/visita-del-p-miguel-tofful\/\" title=\"Visita del P. Miguel Tofful\">[&#8230;]<\/a><\/p>\n<\/div>","protected":false},"author":2,"featured_media":7166,"comment_status":"closed","ping_status":"open","sticky":false,"template":"","format":"standard","meta":{"footnotes":""},"categories":[6,28],"tags":[],"class_list":["post-7161","post","type-post","status-publish","format-standard","has-post-thumbnail","hentry","category-news","category-latest-news"],"_links":{"self":[{"href":"https:\/\/www.obispadorqta.org.ar\/v3\/wp-json\/wp\/v2\/posts\/7161","targetHints":{"allow":["GET"]}}],"collection":[{"href":"https:\/\/www.obispadorqta.org.ar\/v3\/wp-json\/wp\/v2\/posts"}],"about":[{"href":"https:\/\/www.obispadorqta.org.ar\/v3\/wp-json\/wp\/v2\/types\/post"}],"author":[{"embeddable":true,"href":"https:\/\/www.obispadorqta.org.ar\/v3\/wp-json\/wp\/v2\/users\/2"}],"replies":[{"embeddable":true,"href":"https:\/\/www.obispadorqta.org.ar\/v3\/wp-json\/wp\/v2\/comments?post=7161"}],"version-history":[{"count":2,"href":"https:\/\/www.obispadorqta.org.ar\/v3\/wp-json\/wp\/v2\/posts\/7161\/revisions"}],"predecessor-version":[{"id":7167,"href":"https:\/\/www.obispadorqta.org.ar\/v3\/wp-json\/wp\/v2\/posts\/7161\/revisions\/7167"}],"wp:featuredmedia":[{"embeddable":true,"href":"https:\/\/www.obispadorqta.org.ar\/v3\/wp-json\/wp\/v2\/media\/7166"}],"wp:attachment":[{"href":"https:\/\/www.obispadorqta.org.ar\/v3\/wp-json\/wp\/v2\/media?parent=7161"}],"wp:term":[{"taxonomy":"category","embeddable":true,"href":"https:\/\/www.obispadorqta.org.ar\/v3\/wp-json\/wp\/v2\/categories?post=7161"},{"taxonomy":"post_tag","embeddable":true,"href":"https:\/\/www.obispadorqta.org.ar\/v3\/wp-json\/wp\/v2\/tags?post=7161"}],"curies":[{"name":"wp","href":"https:\/\/api.w.org\/{rel}","templated":true}]}}