{"id":7172,"date":"2021-12-31T09:14:16","date_gmt":"2021-12-31T12:14:16","guid":{"rendered":"http:\/\/www.obispadorqta.org.ar\/v3\/?p=7172"},"modified":"2023-08-22T11:51:37","modified_gmt":"2023-08-22T14:51:37","slug":"jornada-por-la-paz","status":"publish","type":"post","link":"https:\/\/www.obispadorqta.org.ar\/v3\/jornada-por-la-paz\/","title":{"rendered":"JORNADA POR LA PAZ"},"content":{"rendered":"<p style=\"text-align: justify;\">Siguiendo una pr\u00e1ctica que ya se ha hecho firme en nuestras comunidades, el 1 de enero, adem\u00e1s de celebrar el a\u00f1o nuevo, se dedica la jornada para rezar por la paz.<\/p>\n<p style=\"text-align: justify;\">La LV Jornada\u00a0Mundial de Oraci\u00f3n por la Paz este a\u00f1o lleva por lema \u00ab<b><span style=\"color: #000000; font-family: arial, sans-serif;\">Di\u00e1logo entre generaciones, educaci\u00f3n y trabajo:\u00a0<\/span><\/b><span style=\"color: #000000; font-family: arial, sans-serif;\"><b>instrumentos para construir una paz duradera\u00bb,\u00a0<\/b>y el mensaje correspondiente de nuestro Papa Francisco se puede encontrar en <a href=\"http:\/\/www.vatican.va\/\" target=\"_blank\" rel=\"noopener noreferrer\" data-saferedirecturl=\"https:\/\/www.google.com\/url?q=http:\/\/www.vatican.va&amp;source=gmail&amp;ust=1641035605261000&amp;usg=AOvVaw3DBoS6YvUd3V1rHEPp5QXU\">www.vatican.va<\/a>\u00a0(documentos).<\/span><\/p>\n<p style=\"text-align: justify;\"><span style=\"color: #000000; font-family: arial, sans-serif;\">Agradecidos por el a\u00f1o que concluye, les deseamos a todos un buen comienzo de a\u00f1o, en paz y alegr\u00eda.<\/span><\/p>\n<div><\/div>\n<div><\/div>\n<div><\/div>\n<div><\/div>\n<div><\/div>\n<div><\/div>\n<div><\/div>\n<div><\/div>\n<div><\/div>\n<div><\/div>\n<div><\/div>\n<div><\/div>\n<div><\/div>\n<div><\/div>\n<div><\/div>\n<div><\/div>\n<div><\/div>\n<div><\/div>\n<div><\/div>\n<div><\/div>\n","protected":false},"excerpt":{"rendered":"<div class=\"mh-excerpt\"><p>Siguiendo una pr\u00e1ctica que ya se ha hecho firme en nuestras comunidades, el 1 de enero, adem\u00e1s de celebrar el a\u00f1o nuevo, se dedica la <a class=\"mh-excerpt-more\" href=\"https:\/\/www.obispadorqta.org.ar\/v3\/jornada-por-la-paz\/\" title=\"JORNADA POR LA PAZ\">[&#8230;]<\/a><\/p>\n<\/div>","protected":false},"author":3,"featured_media":7174,"comment_status":"closed","ping_status":"open","sticky":false,"template":"","format":"standard","meta":{"footnotes":""},"categories":[6,28],"tags":[],"class_list":["post-7172","post","type-post","status-publish","format-standard","has-post-thumbnail","hentry","category-news","category-latest-news"],"_links":{"self":[{"href":"https:\/\/www.obispadorqta.org.ar\/v3\/wp-json\/wp\/v2\/posts\/7172","targetHints":{"allow":["GET"]}}],"collection":[{"href":"https:\/\/www.obispadorqta.org.ar\/v3\/wp-json\/wp\/v2\/posts"}],"about":[{"href":"https:\/\/www.obispadorqta.org.ar\/v3\/wp-json\/wp\/v2\/types\/post"}],"author":[{"embeddable":true,"href":"https:\/\/www.obispadorqta.org.ar\/v3\/wp-json\/wp\/v2\/users\/3"}],"replies":[{"embeddable":true,"href":"https:\/\/www.obispadorqta.org.ar\/v3\/wp-json\/wp\/v2\/comments?post=7172"}],"version-history":[{"count":4,"href":"https:\/\/www.obispadorqta.org.ar\/v3\/wp-json\/wp\/v2\/posts\/7172\/revisions"}],"predecessor-version":[{"id":7178,"href":"https:\/\/www.obispadorqta.org.ar\/v3\/wp-json\/wp\/v2\/posts\/7172\/revisions\/7178"}],"wp:featuredmedia":[{"embeddable":true,"href":"https:\/\/www.obispadorqta.org.ar\/v3\/wp-json\/wp\/v2\/media\/7174"}],"wp:attachment":[{"href":"https:\/\/www.obispadorqta.org.ar\/v3\/wp-json\/wp\/v2\/media?parent=7172"}],"wp:term":[{"taxonomy":"category","embeddable":true,"href":"https:\/\/www.obispadorqta.org.ar\/v3\/wp-json\/wp\/v2\/categories?post=7172"},{"taxonomy":"post_tag","embeddable":true,"href":"https:\/\/www.obispadorqta.org.ar\/v3\/wp-json\/wp\/v2\/tags?post=7172"}],"curies":[{"name":"wp","href":"https:\/\/api.w.org\/{rel}","templated":true}]}}