{"id":7179,"date":"2022-01-06T10:53:28","date_gmt":"2022-01-06T13:53:28","guid":{"rendered":"http:\/\/www.obispadorqta.org.ar\/v3\/?p=7179"},"modified":"2022-01-06T10:53:51","modified_gmt":"2022-01-06T13:53:51","slug":"reposicion-pila-bautismal","status":"publish","type":"post","link":"https:\/\/www.obispadorqta.org.ar\/v3\/reposicion-pila-bautismal\/","title":{"rendered":"REPOSICI\u00d3N PILA BAUTISMAL"},"content":{"rendered":"<p style=\"text-align: justify;\"><span style=\"color: #000000;\">El pr\u00f3ximo domingo, 9 de enero, Solemnidad del Bautismo del Se\u00f1or, el Obispo Diocesano, Mons. \u00c1ngel Jos\u00e9 Mac\u00edn presidir\u00e1 la celebraci\u00f3n de la Eucarist\u00eda en la Pquia. Santa Ana de Florencia. En ese contexto, se har\u00e1 la reposici\u00f3n de la Pila Baustismal, que hab\u00eda sido desmontada d\u00e9cadas atr\u00e1s. Tambi\u00e9n se proceder\u00e1 a la celebraci\u00f3n de un bautismo.<\/span><\/p>\n<p style=\"text-align: justify;\"><span style=\"color: #000000;\">Nos unimos a este momento sencillo y profundo de esa comunidad parroquial, que de esta forma, quiere acentuar el valor del bautismo como puerta de la fe y fundamento primero y decisivo en una iglesia sinodal.<\/span><\/p>\n","protected":false},"excerpt":{"rendered":"<div class=\"mh-excerpt\"><p>El pr\u00f3ximo domingo, 9 de enero, Solemnidad del Bautismo del Se\u00f1or, el Obispo Diocesano, Mons. \u00c1ngel Jos\u00e9 Mac\u00edn presidir\u00e1 la celebraci\u00f3n de la Eucarist\u00eda en <a class=\"mh-excerpt-more\" href=\"https:\/\/www.obispadorqta.org.ar\/v3\/reposicion-pila-bautismal\/\" title=\"REPOSICI\u00d3N PILA BAUTISMAL\">[&#8230;]<\/a><\/p>\n<\/div>","protected":false},"author":3,"featured_media":7183,"comment_status":"closed","ping_status":"open","sticky":false,"template":"","format":"standard","meta":{"footnotes":""},"categories":[6,28],"tags":[],"class_list":["post-7179","post","type-post","status-publish","format-standard","has-post-thumbnail","hentry","category-news","category-latest-news"],"_links":{"self":[{"href":"https:\/\/www.obispadorqta.org.ar\/v3\/wp-json\/wp\/v2\/posts\/7179","targetHints":{"allow":["GET"]}}],"collection":[{"href":"https:\/\/www.obispadorqta.org.ar\/v3\/wp-json\/wp\/v2\/posts"}],"about":[{"href":"https:\/\/www.obispadorqta.org.ar\/v3\/wp-json\/wp\/v2\/types\/post"}],"author":[{"embeddable":true,"href":"https:\/\/www.obispadorqta.org.ar\/v3\/wp-json\/wp\/v2\/users\/3"}],"replies":[{"embeddable":true,"href":"https:\/\/www.obispadorqta.org.ar\/v3\/wp-json\/wp\/v2\/comments?post=7179"}],"version-history":[{"count":1,"href":"https:\/\/www.obispadorqta.org.ar\/v3\/wp-json\/wp\/v2\/posts\/7179\/revisions"}],"predecessor-version":[{"id":7180,"href":"https:\/\/www.obispadorqta.org.ar\/v3\/wp-json\/wp\/v2\/posts\/7179\/revisions\/7180"}],"wp:featuredmedia":[{"embeddable":true,"href":"https:\/\/www.obispadorqta.org.ar\/v3\/wp-json\/wp\/v2\/media\/7183"}],"wp:attachment":[{"href":"https:\/\/www.obispadorqta.org.ar\/v3\/wp-json\/wp\/v2\/media?parent=7179"}],"wp:term":[{"taxonomy":"category","embeddable":true,"href":"https:\/\/www.obispadorqta.org.ar\/v3\/wp-json\/wp\/v2\/categories?post=7179"},{"taxonomy":"post_tag","embeddable":true,"href":"https:\/\/www.obispadorqta.org.ar\/v3\/wp-json\/wp\/v2\/tags?post=7179"}],"curies":[{"name":"wp","href":"https:\/\/api.w.org\/{rel}","templated":true}]}}