{"id":7181,"date":"2022-01-06T11:04:51","date_gmt":"2022-01-06T14:04:51","guid":{"rendered":"http:\/\/www.obispadorqta.org.ar\/v3\/?p=7181"},"modified":"2022-01-06T11:05:16","modified_gmt":"2022-01-06T14:05:16","slug":"solemnidad-de-epifania","status":"publish","type":"post","link":"https:\/\/www.obispadorqta.org.ar\/v3\/solemnidad-de-epifania\/","title":{"rendered":"SOLEMNIDAD DE EPIFAN\u00cdA"},"content":{"rendered":"<p style=\"text-align: justify;\">Hoy, con mucha alegr\u00eda, celebramos en toda la Iglesia la Solemnidad de la Epifan\u00eda, es decir, la manifestaci\u00f3n del Dios hecho Hombre a todos los pueblos. En nuestra zona, la conocemos como fiesta de los Reyes Magos.<\/p>\n<p style=\"text-align: justify;\">En su homil\u00eda pronunciada esta ma\u00f1ana, el Papa Francisco nos exhorta, diciendo: \u00ab<em> \u201cEl mundo espera de los creyentes un impulso renovado hacia el Cielo. Como los magos, alcemos la cabeza, escuchemos el deseo del corazo\u0301n, sigamos la estrella que Dios hace resplandecer sobre nosotros <strong>y como buscadores inquietos, permanezcamos abiertos a las sorpresas de Dios.<\/strong> Hermanos y hermanas son\u0303emos, busquemos, adoremos\u00bb<\/em> (Ciudad del Vaticano, Homil\u00eda de la Solemnidad de Epifania, 06 de enero de 2022).<\/p>\n","protected":false},"excerpt":{"rendered":"<div class=\"mh-excerpt\"><p>Hoy, con mucha alegr\u00eda, celebramos en toda la Iglesia la Solemnidad de la Epifan\u00eda, es decir, la manifestaci\u00f3n del Dios hecho Hombre a todos los <a class=\"mh-excerpt-more\" href=\"https:\/\/www.obispadorqta.org.ar\/v3\/solemnidad-de-epifania\/\" title=\"SOLEMNIDAD DE EPIFAN\u00cdA\">[&#8230;]<\/a><\/p>\n<\/div>","protected":false},"author":3,"featured_media":7184,"comment_status":"closed","ping_status":"open","sticky":false,"template":"","format":"standard","meta":{"footnotes":""},"categories":[6,28],"tags":[],"class_list":["post-7181","post","type-post","status-publish","format-standard","has-post-thumbnail","hentry","category-news","category-latest-news"],"_links":{"self":[{"href":"https:\/\/www.obispadorqta.org.ar\/v3\/wp-json\/wp\/v2\/posts\/7181","targetHints":{"allow":["GET"]}}],"collection":[{"href":"https:\/\/www.obispadorqta.org.ar\/v3\/wp-json\/wp\/v2\/posts"}],"about":[{"href":"https:\/\/www.obispadorqta.org.ar\/v3\/wp-json\/wp\/v2\/types\/post"}],"author":[{"embeddable":true,"href":"https:\/\/www.obispadorqta.org.ar\/v3\/wp-json\/wp\/v2\/users\/3"}],"replies":[{"embeddable":true,"href":"https:\/\/www.obispadorqta.org.ar\/v3\/wp-json\/wp\/v2\/comments?post=7181"}],"version-history":[{"count":1,"href":"https:\/\/www.obispadorqta.org.ar\/v3\/wp-json\/wp\/v2\/posts\/7181\/revisions"}],"predecessor-version":[{"id":7182,"href":"https:\/\/www.obispadorqta.org.ar\/v3\/wp-json\/wp\/v2\/posts\/7181\/revisions\/7182"}],"wp:featuredmedia":[{"embeddable":true,"href":"https:\/\/www.obispadorqta.org.ar\/v3\/wp-json\/wp\/v2\/media\/7184"}],"wp:attachment":[{"href":"https:\/\/www.obispadorqta.org.ar\/v3\/wp-json\/wp\/v2\/media?parent=7181"}],"wp:term":[{"taxonomy":"category","embeddable":true,"href":"https:\/\/www.obispadorqta.org.ar\/v3\/wp-json\/wp\/v2\/categories?post=7181"},{"taxonomy":"post_tag","embeddable":true,"href":"https:\/\/www.obispadorqta.org.ar\/v3\/wp-json\/wp\/v2\/tags?post=7181"}],"curies":[{"name":"wp","href":"https:\/\/api.w.org\/{rel}","templated":true}]}}