{"id":7186,"date":"2022-01-12T12:17:47","date_gmt":"2022-01-12T15:17:47","guid":{"rendered":"http:\/\/www.obispadorqta.org.ar\/v3\/?p=7186"},"modified":"2022-01-12T12:18:21","modified_gmt":"2022-01-12T15:18:21","slug":"domingo-de-la-palabra-de-dios","status":"publish","type":"post","link":"https:\/\/www.obispadorqta.org.ar\/v3\/domingo-de-la-palabra-de-dios\/","title":{"rendered":"Domingo de la Palabra de Dios"},"content":{"rendered":"<p style=\"text-align: justify;\">El domingo de la Palabra de Dios se celebrar\u00e1 en toda la Iglesia el 23 de enero de 2022. Es la tercera vez que se celebra este d\u00eda instaurado por el Papa Francisco en el a\u00f1o 2019, a trav\u00e9s de la Carta Apost\u00f3lica en forma de motu proprio \u201cAperuit Illis\u201d, quedando fijada en el III Domingo del Tiempo Ordinario de cada a\u00f1o.<\/p>\n<p style=\"text-align: justify;\">Se puede acceder al Subsidio Lit\u00fargico Pastoral desde la P\u00e1gina de la Federaci\u00f3n B\u00edblica Cat\u00f3lica: <a href=\"https:\/\/c-b-f.org\/SotWoG\/SotWoG-2022-subs\/Domingo-de-la-Palabra-de-Dios-2022.pdf\">https:\/\/c-b-f.org\/SotWoG\/SotWoG-2022-subs\/Domingo-de-la-Palabra-de-Dios-2022.pdf<\/a><\/p>\n<p style=\"text-align: justify;\">\n","protected":false},"excerpt":{"rendered":"<div class=\"mh-excerpt\"><p>El domingo de la Palabra de Dios se celebrar\u00e1 en toda la Iglesia el 23 de enero de 2022. Es la tercera vez que se <a class=\"mh-excerpt-more\" href=\"https:\/\/www.obispadorqta.org.ar\/v3\/domingo-de-la-palabra-de-dios\/\" title=\"Domingo de la Palabra de Dios\">[&#8230;]<\/a><\/p>\n<\/div>","protected":false},"author":3,"featured_media":7188,"comment_status":"closed","ping_status":"open","sticky":false,"template":"","format":"standard","meta":{"footnotes":""},"categories":[6,28],"tags":[],"class_list":["post-7186","post","type-post","status-publish","format-standard","has-post-thumbnail","hentry","category-news","category-latest-news"],"_links":{"self":[{"href":"https:\/\/www.obispadorqta.org.ar\/v3\/wp-json\/wp\/v2\/posts\/7186","targetHints":{"allow":["GET"]}}],"collection":[{"href":"https:\/\/www.obispadorqta.org.ar\/v3\/wp-json\/wp\/v2\/posts"}],"about":[{"href":"https:\/\/www.obispadorqta.org.ar\/v3\/wp-json\/wp\/v2\/types\/post"}],"author":[{"embeddable":true,"href":"https:\/\/www.obispadorqta.org.ar\/v3\/wp-json\/wp\/v2\/users\/3"}],"replies":[{"embeddable":true,"href":"https:\/\/www.obispadorqta.org.ar\/v3\/wp-json\/wp\/v2\/comments?post=7186"}],"version-history":[{"count":1,"href":"https:\/\/www.obispadorqta.org.ar\/v3\/wp-json\/wp\/v2\/posts\/7186\/revisions"}],"predecessor-version":[{"id":7187,"href":"https:\/\/www.obispadorqta.org.ar\/v3\/wp-json\/wp\/v2\/posts\/7186\/revisions\/7187"}],"wp:featuredmedia":[{"embeddable":true,"href":"https:\/\/www.obispadorqta.org.ar\/v3\/wp-json\/wp\/v2\/media\/7188"}],"wp:attachment":[{"href":"https:\/\/www.obispadorqta.org.ar\/v3\/wp-json\/wp\/v2\/media?parent=7186"}],"wp:term":[{"taxonomy":"category","embeddable":true,"href":"https:\/\/www.obispadorqta.org.ar\/v3\/wp-json\/wp\/v2\/categories?post=7186"},{"taxonomy":"post_tag","embeddable":true,"href":"https:\/\/www.obispadorqta.org.ar\/v3\/wp-json\/wp\/v2\/tags?post=7186"}],"curies":[{"name":"wp","href":"https:\/\/api.w.org\/{rel}","templated":true}]}}