{"id":7192,"date":"2022-01-23T21:55:07","date_gmt":"2022-01-24T00:55:07","guid":{"rendered":"http:\/\/www.obispadorqta.org.ar\/v3\/?p=7192"},"modified":"2022-01-23T21:55:22","modified_gmt":"2022-01-24T00:55:22","slug":"duelo-5","status":"publish","type":"post","link":"https:\/\/www.obispadorqta.org.ar\/v3\/duelo-5\/","title":{"rendered":"Duelo"},"content":{"rendered":"<p style=\"text-align: justify;\">Con profundo pesar, desde el Obispado de Reconquista, comunicamos que en horas de la tarde falleci\u00f3 el Di\u00e1cono Permanente Julio Cesar Altamiranda, en el marco de la grave enfermedad cr\u00f3nica que padec\u00eda.<\/p>\n<p style=\"text-align: justify;\">El velatorio se llevar\u00e1 a cabo ma\u00f1ana lunes 24 en la sala velatoria de Cotelvo, calle Belgrano 1269, de la ciudad de Villa Ocampo, a partir de las 7 hs, el responso se realizar\u00e1 a las 9:30 hs, y el sepelio a las 10:30 hs, en el cementerio municipal de Villa Ocampo.<\/p>\n<p style=\"text-align: justify;\">Elevamos nuestras oraciones por el eterno descanso del Di\u00e1cono Permanente Julio Cesar Altamiranda, y agradecemos a Dios por su vocaci\u00f3n y por su servicio a la Iglesia, particularmente, en nuestra di\u00f3cesis de Reconquista.<\/p>\n","protected":false},"excerpt":{"rendered":"<div class=\"mh-excerpt\"><p>Con profundo pesar, desde el Obispado de Reconquista, comunicamos que en horas de la tarde falleci\u00f3 el Di\u00e1cono Permanente Julio Cesar Altamiranda, en el marco <a class=\"mh-excerpt-more\" href=\"https:\/\/www.obispadorqta.org.ar\/v3\/duelo-5\/\" title=\"Duelo\">[&#8230;]<\/a><\/p>\n<\/div>","protected":false},"author":2,"featured_media":7193,"comment_status":"closed","ping_status":"open","sticky":false,"template":"","format":"standard","meta":{"footnotes":""},"categories":[6,28],"tags":[],"class_list":["post-7192","post","type-post","status-publish","format-standard","has-post-thumbnail","hentry","category-news","category-latest-news"],"_links":{"self":[{"href":"https:\/\/www.obispadorqta.org.ar\/v3\/wp-json\/wp\/v2\/posts\/7192","targetHints":{"allow":["GET"]}}],"collection":[{"href":"https:\/\/www.obispadorqta.org.ar\/v3\/wp-json\/wp\/v2\/posts"}],"about":[{"href":"https:\/\/www.obispadorqta.org.ar\/v3\/wp-json\/wp\/v2\/types\/post"}],"author":[{"embeddable":true,"href":"https:\/\/www.obispadorqta.org.ar\/v3\/wp-json\/wp\/v2\/users\/2"}],"replies":[{"embeddable":true,"href":"https:\/\/www.obispadorqta.org.ar\/v3\/wp-json\/wp\/v2\/comments?post=7192"}],"version-history":[{"count":3,"href":"https:\/\/www.obispadorqta.org.ar\/v3\/wp-json\/wp\/v2\/posts\/7192\/revisions"}],"predecessor-version":[{"id":7196,"href":"https:\/\/www.obispadorqta.org.ar\/v3\/wp-json\/wp\/v2\/posts\/7192\/revisions\/7196"}],"wp:featuredmedia":[{"embeddable":true,"href":"https:\/\/www.obispadorqta.org.ar\/v3\/wp-json\/wp\/v2\/media\/7193"}],"wp:attachment":[{"href":"https:\/\/www.obispadorqta.org.ar\/v3\/wp-json\/wp\/v2\/media?parent=7192"}],"wp:term":[{"taxonomy":"category","embeddable":true,"href":"https:\/\/www.obispadorqta.org.ar\/v3\/wp-json\/wp\/v2\/categories?post=7192"},{"taxonomy":"post_tag","embeddable":true,"href":"https:\/\/www.obispadorqta.org.ar\/v3\/wp-json\/wp\/v2\/tags?post=7192"}],"curies":[{"name":"wp","href":"https:\/\/api.w.org\/{rel}","templated":true}]}}