{"id":7197,"date":"2022-01-25T10:55:33","date_gmt":"2022-01-25T13:55:33","guid":{"rendered":"http:\/\/www.obispadorqta.org.ar\/v3\/?p=7197"},"modified":"2022-01-25T10:55:41","modified_gmt":"2022-01-25T13:55:41","slug":"oracion-por-la-paz","status":"publish","type":"post","link":"https:\/\/www.obispadorqta.org.ar\/v3\/oracion-por-la-paz\/","title":{"rendered":"ORACI\u00d3N POR LA PAZ"},"content":{"rendered":"<p style=\"text-align: justify;\">El Papa Francisco ha convocado a una Jornada de Oraci\u00f3n por la Paz, el d\u00eda mi\u00e9rcoles 26 de enero del corriente, rezando especialmente por Ucrania, donde se est\u00e1 produciendo una peligrosa escalada de tensiones, que amenazan con la estabilidad en la regi\u00f3n.<\/p>\n<p style=\"text-align: justify;\">En el rezo del \u00abAngelus\u00bb del \u00faltimo domingo, el Santo Padre se\u00f1al\u00f3: <em>\u00abSigo con preocupaci\u00f3n las crecientes tensiones que amenazan con asestar un nuevo golpe a la paz en Ucrania y ponen en entredicho la seguridad del continente europeo, con repercusiones a\u00fan m\u00e1s vastas. Hago un llamado sincero a todas las personas de buena voluntad a que recen a Dios Todopoderoso para que todas las acciones e iniciativas pol\u00edticas est\u00e9n al servicio de la fraternidad humana y no de los intereses partidistas\u00bb<\/em> (Francisco, 23 de enero de 2022).<\/p>\n<p style=\"text-align: justify;\">Invitamos a rezar por esta intenci\u00f3n personalmente, en familia y en las comunidades.<\/p>\n","protected":false},"excerpt":{"rendered":"<div class=\"mh-excerpt\"><p>El Papa Francisco ha convocado a una Jornada de Oraci\u00f3n por la Paz, el d\u00eda mi\u00e9rcoles 26 de enero del corriente, rezando especialmente por Ucrania, <a class=\"mh-excerpt-more\" href=\"https:\/\/www.obispadorqta.org.ar\/v3\/oracion-por-la-paz\/\" title=\"ORACI\u00d3N POR LA PAZ\">[&#8230;]<\/a><\/p>\n<\/div>","protected":false},"author":2,"featured_media":6081,"comment_status":"closed","ping_status":"open","sticky":false,"template":"","format":"standard","meta":{"footnotes":""},"categories":[6,28],"tags":[],"class_list":["post-7197","post","type-post","status-publish","format-standard","has-post-thumbnail","hentry","category-news","category-latest-news"],"_links":{"self":[{"href":"https:\/\/www.obispadorqta.org.ar\/v3\/wp-json\/wp\/v2\/posts\/7197","targetHints":{"allow":["GET"]}}],"collection":[{"href":"https:\/\/www.obispadorqta.org.ar\/v3\/wp-json\/wp\/v2\/posts"}],"about":[{"href":"https:\/\/www.obispadorqta.org.ar\/v3\/wp-json\/wp\/v2\/types\/post"}],"author":[{"embeddable":true,"href":"https:\/\/www.obispadorqta.org.ar\/v3\/wp-json\/wp\/v2\/users\/2"}],"replies":[{"embeddable":true,"href":"https:\/\/www.obispadorqta.org.ar\/v3\/wp-json\/wp\/v2\/comments?post=7197"}],"version-history":[{"count":1,"href":"https:\/\/www.obispadorqta.org.ar\/v3\/wp-json\/wp\/v2\/posts\/7197\/revisions"}],"predecessor-version":[{"id":7199,"href":"https:\/\/www.obispadorqta.org.ar\/v3\/wp-json\/wp\/v2\/posts\/7197\/revisions\/7199"}],"wp:featuredmedia":[{"embeddable":true,"href":"https:\/\/www.obispadorqta.org.ar\/v3\/wp-json\/wp\/v2\/media\/6081"}],"wp:attachment":[{"href":"https:\/\/www.obispadorqta.org.ar\/v3\/wp-json\/wp\/v2\/media?parent=7197"}],"wp:term":[{"taxonomy":"category","embeddable":true,"href":"https:\/\/www.obispadorqta.org.ar\/v3\/wp-json\/wp\/v2\/categories?post=7197"},{"taxonomy":"post_tag","embeddable":true,"href":"https:\/\/www.obispadorqta.org.ar\/v3\/wp-json\/wp\/v2\/tags?post=7197"}],"curies":[{"name":"wp","href":"https:\/\/api.w.org\/{rel}","templated":true}]}}