{"id":7203,"date":"2022-01-31T11:34:49","date_gmt":"2022-01-31T14:34:49","guid":{"rendered":"http:\/\/www.obispadorqta.org.ar\/v3\/?p=7203"},"modified":"2022-01-31T11:34:58","modified_gmt":"2022-01-31T14:34:58","slug":"bendicion-de-velas-y-gargantas","status":"publish","type":"post","link":"https:\/\/www.obispadorqta.org.ar\/v3\/bendicion-de-velas-y-gargantas\/","title":{"rendered":"BENDICI\u00d3N DE VELAS Y GARGANTAS"},"content":{"rendered":"<p style=\"text-align: justify;\">Como es costumbre arraigada, el 2 de febrero, fiesta de Ntra. Sra. de la Candelaria, se bendicen velas en nuestras parroquias, y el 3 de febrero, memoria de San Blas, Obispo y Martir, se suele bendecir las gargantas quienes se acercan.<\/p>\n<p style=\"text-align: justify;\">Cada comunidad se organiza de acuerdo a sus posibilidades, incluso transfiriendo alguna de estas bendiciones a las celebraciones del fin de semana.<\/p>\n<p style=\"text-align: justify;\">Este a\u00f1o se va a repetir la liturgia descrita, y seguramente muchos fieles se acercar\u00e1n a la Iglesia para recibir la bendici\u00f3n, que recomendamos sea con las medidas de cuidado correspondientes a la situaci\u00f3n que estamos atravesando.<\/p>\n<p style=\"text-align: justify;\">Valorando estos gestos, que nos ayudan en nuestro camino, <strong>sugerimos que en esta ocasi\u00f3n se ore especialmente por aquellos que est\u00e1n enfermos de covid 19, que podr\u00edamos calificar de enfermedad de la garganta, y para que el Se\u00f1or nos libere de esta pandemia que nos aflige. Tambi\u00e9n, al llevar los cirios que encenderemos en nuestras casas, a modo de oraci\u00f3n, pidamos a Dios la luz y el discernimiento necesarios para orientarnos en este tiempo de dolor y confusi\u00f3n<\/strong>.<\/p>\n<p style=\"text-align: justify;\">No podr\u00eda faltar nuestro recuerdo y nuestra plegaria por los seres queridos que han partido como consecuencia de esta u otras enfermedades, reafirmando nuestra fe en la resurrecci\u00f3n y en el triunfo de la vida<\/p>\n","protected":false},"excerpt":{"rendered":"<div class=\"mh-excerpt\"><p>Como es costumbre arraigada, el 2 de febrero, fiesta de Ntra. Sra. de la Candelaria, se bendicen velas en nuestras parroquias, y el 3 de <a class=\"mh-excerpt-more\" href=\"https:\/\/www.obispadorqta.org.ar\/v3\/bendicion-de-velas-y-gargantas\/\" title=\"BENDICI\u00d3N DE VELAS Y GARGANTAS\">[&#8230;]<\/a><\/p>\n<\/div>","protected":false},"author":2,"featured_media":7208,"comment_status":"closed","ping_status":"open","sticky":false,"template":"","format":"standard","meta":{"footnotes":""},"categories":[6,28],"tags":[],"class_list":["post-7203","post","type-post","status-publish","format-standard","has-post-thumbnail","hentry","category-news","category-latest-news"],"_links":{"self":[{"href":"https:\/\/www.obispadorqta.org.ar\/v3\/wp-json\/wp\/v2\/posts\/7203","targetHints":{"allow":["GET"]}}],"collection":[{"href":"https:\/\/www.obispadorqta.org.ar\/v3\/wp-json\/wp\/v2\/posts"}],"about":[{"href":"https:\/\/www.obispadorqta.org.ar\/v3\/wp-json\/wp\/v2\/types\/post"}],"author":[{"embeddable":true,"href":"https:\/\/www.obispadorqta.org.ar\/v3\/wp-json\/wp\/v2\/users\/2"}],"replies":[{"embeddable":true,"href":"https:\/\/www.obispadorqta.org.ar\/v3\/wp-json\/wp\/v2\/comments?post=7203"}],"version-history":[{"count":2,"href":"https:\/\/www.obispadorqta.org.ar\/v3\/wp-json\/wp\/v2\/posts\/7203\/revisions"}],"predecessor-version":[{"id":7207,"href":"https:\/\/www.obispadorqta.org.ar\/v3\/wp-json\/wp\/v2\/posts\/7203\/revisions\/7207"}],"wp:featuredmedia":[{"embeddable":true,"href":"https:\/\/www.obispadorqta.org.ar\/v3\/wp-json\/wp\/v2\/media\/7208"}],"wp:attachment":[{"href":"https:\/\/www.obispadorqta.org.ar\/v3\/wp-json\/wp\/v2\/media?parent=7203"}],"wp:term":[{"taxonomy":"category","embeddable":true,"href":"https:\/\/www.obispadorqta.org.ar\/v3\/wp-json\/wp\/v2\/categories?post=7203"},{"taxonomy":"post_tag","embeddable":true,"href":"https:\/\/www.obispadorqta.org.ar\/v3\/wp-json\/wp\/v2\/tags?post=7203"}],"curies":[{"name":"wp","href":"https:\/\/api.w.org\/{rel}","templated":true}]}}