{"id":7209,"date":"2022-02-02T11:27:51","date_gmt":"2022-02-02T14:27:51","guid":{"rendered":"http:\/\/www.obispadorqta.org.ar\/v3\/?p=7209"},"modified":"2022-02-02T11:28:00","modified_gmt":"2022-02-02T14:28:00","slug":"jornada-internacional-de-oracion-y-reflexion-contra-la-trata-de-personas","status":"publish","type":"post","link":"https:\/\/www.obispadorqta.org.ar\/v3\/jornada-internacional-de-oracion-y-reflexion-contra-la-trata-de-personas\/","title":{"rendered":"JORNADA INTERNACIONAL DE ORACI\u00d3N Y REFLEXI\u00d3N CONTRA LA TRATA DE PERSONAS"},"content":{"rendered":"<p style=\"text-align: justify;\">Desde la Comisi\u00f3n Episcopal de la Pastoral Migrante e Intinerante (CEMI) , comisi\u00f3n presidida por el obispo diocesano, Mons. Dr. \u00c1ngel Jos\u00e9 Mac\u00edn, invitan a participar de esta iniciativa propuesta para el 08 de febrero, d\u00eda en que se conmemora la vida y testimonio de Santa Josefina Bakhita.<\/p>\n<p style=\"text-align: justify;\">La octava Jornada Mundial de Oraci\u00f3n y Reflexi\u00f3n contra la Trata de Personas (JMOT), tiene como tema <em><strong>\u00abLa fuerza del cuidado: mujeres, econom\u00eda y trata de personas\u00bb.<\/strong><\/em><\/p>\n<p style=\"text-align: justify;\">El tema fue elegido en continuidad con el a\u00f1o anterior, en el que se empez\u00f3 a reflexionar sobre la conexi\u00f3n entre la econom\u00eda y la trata de personas. La edici\u00f3n 2022 propone centrarse en las mujeres. Son ellas las m\u00e1s afectadas por la violencia de la trata y los modelos econ\u00f3micos basados en la explotaci\u00f3n. Al mismo tiempo, las mujeres desempe\u00f1an un papel fundamental e importante en el proceso de transformaci\u00f3n de la econom\u00eda de la explotaci\u00f3n en una econom\u00eda del cuidado.<\/p>\n<p>Fuente: CEMI<\/p>\n","protected":false},"excerpt":{"rendered":"<div class=\"mh-excerpt\"><p>Desde la Comisi\u00f3n Episcopal de la Pastoral Migrante e Intinerante (CEMI) , comisi\u00f3n presidida por el obispo diocesano, Mons. Dr. \u00c1ngel Jos\u00e9 Mac\u00edn, invitan a <a class=\"mh-excerpt-more\" href=\"https:\/\/www.obispadorqta.org.ar\/v3\/jornada-internacional-de-oracion-y-reflexion-contra-la-trata-de-personas\/\" title=\"JORNADA INTERNACIONAL DE ORACI\u00d3N Y REFLEXI\u00d3N CONTRA LA TRATA DE PERSONAS\">[&#8230;]<\/a><\/p>\n<\/div>","protected":false},"author":2,"featured_media":7212,"comment_status":"closed","ping_status":"open","sticky":false,"template":"","format":"standard","meta":{"footnotes":""},"categories":[6,28],"tags":[],"class_list":["post-7209","post","type-post","status-publish","format-standard","has-post-thumbnail","hentry","category-news","category-latest-news"],"_links":{"self":[{"href":"https:\/\/www.obispadorqta.org.ar\/v3\/wp-json\/wp\/v2\/posts\/7209","targetHints":{"allow":["GET"]}}],"collection":[{"href":"https:\/\/www.obispadorqta.org.ar\/v3\/wp-json\/wp\/v2\/posts"}],"about":[{"href":"https:\/\/www.obispadorqta.org.ar\/v3\/wp-json\/wp\/v2\/types\/post"}],"author":[{"embeddable":true,"href":"https:\/\/www.obispadorqta.org.ar\/v3\/wp-json\/wp\/v2\/users\/2"}],"replies":[{"embeddable":true,"href":"https:\/\/www.obispadorqta.org.ar\/v3\/wp-json\/wp\/v2\/comments?post=7209"}],"version-history":[{"count":3,"href":"https:\/\/www.obispadorqta.org.ar\/v3\/wp-json\/wp\/v2\/posts\/7209\/revisions"}],"predecessor-version":[{"id":7214,"href":"https:\/\/www.obispadorqta.org.ar\/v3\/wp-json\/wp\/v2\/posts\/7209\/revisions\/7214"}],"wp:featuredmedia":[{"embeddable":true,"href":"https:\/\/www.obispadorqta.org.ar\/v3\/wp-json\/wp\/v2\/media\/7212"}],"wp:attachment":[{"href":"https:\/\/www.obispadorqta.org.ar\/v3\/wp-json\/wp\/v2\/media?parent=7209"}],"wp:term":[{"taxonomy":"category","embeddable":true,"href":"https:\/\/www.obispadorqta.org.ar\/v3\/wp-json\/wp\/v2\/categories?post=7209"},{"taxonomy":"post_tag","embeddable":true,"href":"https:\/\/www.obispadorqta.org.ar\/v3\/wp-json\/wp\/v2\/tags?post=7209"}],"curies":[{"name":"wp","href":"https:\/\/api.w.org\/{rel}","templated":true}]}}