{"id":7226,"date":"2022-02-07T10:36:18","date_gmt":"2022-02-07T13:36:18","guid":{"rendered":"http:\/\/www.obispadorqta.org.ar\/v3\/?p=7226"},"modified":"2022-02-07T10:36:27","modified_gmt":"2022-02-07T13:36:27","slug":"mensaje-de-los-obispos-del-nea-ante-los-incendios-rurales","status":"publish","type":"post","link":"https:\/\/www.obispadorqta.org.ar\/v3\/mensaje-de-los-obispos-del-nea-ante-los-incendios-rurales\/","title":{"rendered":"MENSAJE DE LOS OBISPOS DEL NEA ANTE LOS INCENDIOS RURALES"},"content":{"rendered":"<p style=\"text-align: justify;\">\u00a0 \u00a0 \u00a0Los Obispos de la regi\u00f3n Pastoral Nea, preocupados por la situaci\u00f3n que se vive ante la falta de lluvias y que genera incendios que no solo ponen en riesgo la vida de personas y animales, y genera peligro en los hogares y da\u00f1os cuantiosos en los campos, expresan su cercan\u00eda y comprometen su oraci\u00f3n.<\/p>\n<p style=\"text-align: justify;\">\u00a0 \u00a0 \u00a0\u00abAnte la dram\u00e1tica situaci\u00f3n que vive nuestro pueblo, sobre todo en la zona rural a causa de los incendios, intensifiquemos la oraci\u00f3n en nuestras comunidades\u00bb, expresan en un breve comunicado conjunto.<\/p>\n<p style=\"text-align: justify;\">\u00a0 \u00a0 \u00a0\u00abSupliquemos la intercesi\u00f3n de nuestra Tierna Madre de Itat\u00ed para que cese esta calamidad, consuele a los que han sido damnificados por esta cat\u00e1strofe clim\u00e1tica, y suscite gestos efectivos de cercan\u00eda y solidaridad hacia aquellos que han sido m\u00e1s perjudicados\u00bb, suplican uni\u00e9ndose a la oraci\u00f3n de tanta gente ante est\u00e1 situaci\u00f3n.<\/p>\n<p style=\"text-align: justify;\">\u00a0 \u00a0 \u00a0\u00ab\u00a1Tierna Madre de Itat\u00ed, ruega por nosotros!\u00bb<\/p>\n","protected":false},"excerpt":{"rendered":"<div class=\"mh-excerpt\"><p>\u00a0 \u00a0 \u00a0Los Obispos de la regi\u00f3n Pastoral Nea, preocupados por la situaci\u00f3n que se vive ante la falta de lluvias y que genera incendios <a class=\"mh-excerpt-more\" href=\"https:\/\/www.obispadorqta.org.ar\/v3\/mensaje-de-los-obispos-del-nea-ante-los-incendios-rurales\/\" title=\"MENSAJE DE LOS OBISPOS DEL NEA ANTE LOS INCENDIOS RURALES\">[&#8230;]<\/a><\/p>\n<\/div>","protected":false},"author":2,"featured_media":7227,"comment_status":"closed","ping_status":"open","sticky":false,"template":"","format":"standard","meta":{"footnotes":""},"categories":[6,28],"tags":[],"class_list":["post-7226","post","type-post","status-publish","format-standard","has-post-thumbnail","hentry","category-news","category-latest-news"],"_links":{"self":[{"href":"https:\/\/www.obispadorqta.org.ar\/v3\/wp-json\/wp\/v2\/posts\/7226","targetHints":{"allow":["GET"]}}],"collection":[{"href":"https:\/\/www.obispadorqta.org.ar\/v3\/wp-json\/wp\/v2\/posts"}],"about":[{"href":"https:\/\/www.obispadorqta.org.ar\/v3\/wp-json\/wp\/v2\/types\/post"}],"author":[{"embeddable":true,"href":"https:\/\/www.obispadorqta.org.ar\/v3\/wp-json\/wp\/v2\/users\/2"}],"replies":[{"embeddable":true,"href":"https:\/\/www.obispadorqta.org.ar\/v3\/wp-json\/wp\/v2\/comments?post=7226"}],"version-history":[{"count":2,"href":"https:\/\/www.obispadorqta.org.ar\/v3\/wp-json\/wp\/v2\/posts\/7226\/revisions"}],"predecessor-version":[{"id":7229,"href":"https:\/\/www.obispadorqta.org.ar\/v3\/wp-json\/wp\/v2\/posts\/7226\/revisions\/7229"}],"wp:featuredmedia":[{"embeddable":true,"href":"https:\/\/www.obispadorqta.org.ar\/v3\/wp-json\/wp\/v2\/media\/7227"}],"wp:attachment":[{"href":"https:\/\/www.obispadorqta.org.ar\/v3\/wp-json\/wp\/v2\/media?parent=7226"}],"wp:term":[{"taxonomy":"category","embeddable":true,"href":"https:\/\/www.obispadorqta.org.ar\/v3\/wp-json\/wp\/v2\/categories?post=7226"},{"taxonomy":"post_tag","embeddable":true,"href":"https:\/\/www.obispadorqta.org.ar\/v3\/wp-json\/wp\/v2\/tags?post=7226"}],"curies":[{"name":"wp","href":"https:\/\/api.w.org\/{rel}","templated":true}]}}