{"id":7231,"date":"2022-02-15T09:16:23","date_gmt":"2022-02-15T12:16:23","guid":{"rendered":"http:\/\/www.obispadorqta.org.ar\/v3\/?p=7231"},"modified":"2022-02-15T09:16:32","modified_gmt":"2022-02-15T12:16:32","slug":"el-instituto-juan-pablo-ii-retomara-pronto-sus-actividades","status":"publish","type":"post","link":"https:\/\/www.obispadorqta.org.ar\/v3\/el-instituto-juan-pablo-ii-retomara-pronto-sus-actividades\/","title":{"rendered":"EL INSTITUTO \u201cJUAN PABLO II\u201d RETOMAR\u00c1 PRONTO SUS ACTIVIDADES"},"content":{"rendered":"<p style=\"text-align: justify;\">En breve y luego de dos a\u00f1os de receso e incertidumbre, provocados por la pandemia y otros motivos organizativos, el Instituto Juan Pablo II, dedicado a la Formaci\u00f3n Teol\u00f3gica y Pastoral para agentes evangelizadores y fieles interesados en profundizar su fe desde una perspectiva acad\u00e9mica, retomara sus actividades.<\/p>\n<p style=\"text-align: justify;\">Ante todo, ser\u00e1 puesto en funci\u00f3n el renovado Equipo de Animaci\u00f3n, integrado de la siguiente forma:<\/p>\n<p style=\"text-align: justify;\">Director del Instituto: Diac. Ceferino Jorge Ben\u00edtez<\/p>\n<p style=\"text-align: justify;\">Secretario Acad\u00e9mico: Diac. Mart\u00edn Nicol\u00e1s Lastra<\/p>\n<p style=\"text-align: justify;\">Secretaria Ejecutiva: Sra. Martha Mireya Raff\u00edn<\/p>\n<p style=\"text-align: justify;\">Asesores Acad\u00e9micos Invitados: Pbro. Lic. Harvey Junior Colonia Marzano y Pbro. Lic. Juan Jos\u00e9 Delarossa (Vicerrector del Inst. San Jer\u00f3nimo).<\/p>\n<p style=\"text-align: justify;\">Se estima que despu\u00e9s de Pascua se podr\u00e1n iniciar formalmente las actividades, con la Misa de Inicio del a\u00f1o acad\u00e9mico, clase inaugural y la informaci\u00f3n correspondiente.<\/p>\n<p style=\"text-align: justify;\">En l\u00edneas generales, se continuar\u00e1 con la modalidad presencial en su sede de Reconquista. Luego, se organizar\u00e1 un sistema semi-presencial y virtual para lugares m\u00e1s remotos de la di\u00f3cesis, con alg\u00fan soporte tutorial. Finalmente, se ofrecer\u00e1n cursos intensivos sobre algunos temas de actualidad. Otra l\u00ednea orientativa para el tiempo que viene es aunar esfuerzos en la formaci\u00f3n e integrar diferentes iniciativas de profundizaci\u00f3n en la fe.<\/p>\n<p style=\"text-align: justify;\">Agradezco a las personas que aceptaron este desaf\u00edo de trabajar en equipo, con esp\u00edritu sinodal, buscando unir fuerzas para ofrecer formaci\u00f3n cualificada a nivel diocesano, confiando esta nueva etapa de este centro de formaci\u00f3n a la intercesi\u00f3n de San Juan Pablo II.<\/p>\n<p style=\"text-align: right;\">+ Mons. \u00c1ngel Jos\u00e9 Mac\u00edn<\/p>\n<p style=\"text-align: right;\">Obispo de Reconquista<\/p>\n","protected":false},"excerpt":{"rendered":"<div class=\"mh-excerpt\"><p>En breve y luego de dos a\u00f1os de receso e incertidumbre, provocados por la pandemia y otros motivos organizativos, el Instituto Juan Pablo II, dedicado <a class=\"mh-excerpt-more\" href=\"https:\/\/www.obispadorqta.org.ar\/v3\/el-instituto-juan-pablo-ii-retomara-pronto-sus-actividades\/\" title=\"EL INSTITUTO \u201cJUAN PABLO II\u201d RETOMAR\u00c1 PRONTO SUS ACTIVIDADES\">[&#8230;]<\/a><\/p>\n<\/div>","protected":false},"author":2,"featured_media":7234,"comment_status":"closed","ping_status":"open","sticky":false,"template":"","format":"standard","meta":{"footnotes":""},"categories":[6,28],"tags":[],"class_list":["post-7231","post","type-post","status-publish","format-standard","has-post-thumbnail","hentry","category-news","category-latest-news"],"_links":{"self":[{"href":"https:\/\/www.obispadorqta.org.ar\/v3\/wp-json\/wp\/v2\/posts\/7231","targetHints":{"allow":["GET"]}}],"collection":[{"href":"https:\/\/www.obispadorqta.org.ar\/v3\/wp-json\/wp\/v2\/posts"}],"about":[{"href":"https:\/\/www.obispadorqta.org.ar\/v3\/wp-json\/wp\/v2\/types\/post"}],"author":[{"embeddable":true,"href":"https:\/\/www.obispadorqta.org.ar\/v3\/wp-json\/wp\/v2\/users\/2"}],"replies":[{"embeddable":true,"href":"https:\/\/www.obispadorqta.org.ar\/v3\/wp-json\/wp\/v2\/comments?post=7231"}],"version-history":[{"count":2,"href":"https:\/\/www.obispadorqta.org.ar\/v3\/wp-json\/wp\/v2\/posts\/7231\/revisions"}],"predecessor-version":[{"id":7233,"href":"https:\/\/www.obispadorqta.org.ar\/v3\/wp-json\/wp\/v2\/posts\/7231\/revisions\/7233"}],"wp:featuredmedia":[{"embeddable":true,"href":"https:\/\/www.obispadorqta.org.ar\/v3\/wp-json\/wp\/v2\/media\/7234"}],"wp:attachment":[{"href":"https:\/\/www.obispadorqta.org.ar\/v3\/wp-json\/wp\/v2\/media?parent=7231"}],"wp:term":[{"taxonomy":"category","embeddable":true,"href":"https:\/\/www.obispadorqta.org.ar\/v3\/wp-json\/wp\/v2\/categories?post=7231"},{"taxonomy":"post_tag","embeddable":true,"href":"https:\/\/www.obispadorqta.org.ar\/v3\/wp-json\/wp\/v2\/tags?post=7231"}],"curies":[{"name":"wp","href":"https:\/\/api.w.org\/{rel}","templated":true}]}}