{"id":7235,"date":"2022-02-15T09:29:50","date_gmt":"2022-02-15T12:29:50","guid":{"rendered":"http:\/\/www.obispadorqta.org.ar\/v3\/?p=7235"},"modified":"2022-02-15T09:29:59","modified_gmt":"2022-02-15T12:29:59","slug":"retiro-pastoral-de-adicciones","status":"publish","type":"post","link":"https:\/\/www.obispadorqta.org.ar\/v3\/retiro-pastoral-de-adicciones\/","title":{"rendered":"RETIRO PASTORAL DE ADICCIONES"},"content":{"rendered":"<p style=\"text-align: justify;\">Desde el viernes 18, a las 20 hs., hasta el s\u00e1bado 19 a las 18 hs,. se realizar\u00e1 en el CECABs, ubicado en el paraje La Lola, un retiro con el Equipo y los Coordinadores de Grupos de la Pastoral de Adicciones Diocesana.<\/p>\n<p style=\"text-align: justify;\">El mismo estar\u00e1 a cargo del obispo diocesano, Mons. \u00c1ngel Jos\u00e9 Mac\u00edn y concluir\u00e1 con la Eucarist\u00eda, en torno a las 17 hs. del s\u00e1bado.<\/p>\n<p style=\"text-align: justify;\">Este retiro, que apunta a la identidad y a la misi\u00f3n de quien trabaja en con personas que sufren adicciones, constituye el lanzamiento de esta actividad pastoral tan delicada y urgente, a nivel de toda la di\u00f3cesis.<\/p>\n<p style=\"text-align: justify;\">Invitamos a acompa\u00f1ar esta experiencia con nuestra oraci\u00f3n.<\/p>\n","protected":false},"excerpt":{"rendered":"<div class=\"mh-excerpt\"><p>Desde el viernes 18, a las 20 hs., hasta el s\u00e1bado 19 a las 18 hs,. se realizar\u00e1 en el CECABs, ubicado en el paraje <a class=\"mh-excerpt-more\" href=\"https:\/\/www.obispadorqta.org.ar\/v3\/retiro-pastoral-de-adicciones\/\" title=\"RETIRO PASTORAL DE ADICCIONES\">[&#8230;]<\/a><\/p>\n<\/div>","protected":false},"author":2,"featured_media":7236,"comment_status":"closed","ping_status":"open","sticky":false,"template":"","format":"standard","meta":{"footnotes":""},"categories":[6,28],"tags":[],"class_list":["post-7235","post","type-post","status-publish","format-standard","has-post-thumbnail","hentry","category-news","category-latest-news"],"_links":{"self":[{"href":"https:\/\/www.obispadorqta.org.ar\/v3\/wp-json\/wp\/v2\/posts\/7235","targetHints":{"allow":["GET"]}}],"collection":[{"href":"https:\/\/www.obispadorqta.org.ar\/v3\/wp-json\/wp\/v2\/posts"}],"about":[{"href":"https:\/\/www.obispadorqta.org.ar\/v3\/wp-json\/wp\/v2\/types\/post"}],"author":[{"embeddable":true,"href":"https:\/\/www.obispadorqta.org.ar\/v3\/wp-json\/wp\/v2\/users\/2"}],"replies":[{"embeddable":true,"href":"https:\/\/www.obispadorqta.org.ar\/v3\/wp-json\/wp\/v2\/comments?post=7235"}],"version-history":[{"count":1,"href":"https:\/\/www.obispadorqta.org.ar\/v3\/wp-json\/wp\/v2\/posts\/7235\/revisions"}],"predecessor-version":[{"id":7237,"href":"https:\/\/www.obispadorqta.org.ar\/v3\/wp-json\/wp\/v2\/posts\/7235\/revisions\/7237"}],"wp:featuredmedia":[{"embeddable":true,"href":"https:\/\/www.obispadorqta.org.ar\/v3\/wp-json\/wp\/v2\/media\/7236"}],"wp:attachment":[{"href":"https:\/\/www.obispadorqta.org.ar\/v3\/wp-json\/wp\/v2\/media?parent=7235"}],"wp:term":[{"taxonomy":"category","embeddable":true,"href":"https:\/\/www.obispadorqta.org.ar\/v3\/wp-json\/wp\/v2\/categories?post=7235"},{"taxonomy":"post_tag","embeddable":true,"href":"https:\/\/www.obispadorqta.org.ar\/v3\/wp-json\/wp\/v2\/tags?post=7235"}],"curies":[{"name":"wp","href":"https:\/\/api.w.org\/{rel}","templated":true}]}}