{"id":7240,"date":"2022-02-16T11:42:23","date_gmt":"2022-02-16T14:42:23","guid":{"rendered":"http:\/\/www.obispadorqta.org.ar\/v3\/?p=7240"},"modified":"2022-02-16T11:51:26","modified_gmt":"2022-02-16T14:51:26","slug":"xxvii-acampada-espiritual-diocesana-de-jovenes","status":"publish","type":"post","link":"https:\/\/www.obispadorqta.org.ar\/v3\/xxvii-acampada-espiritual-diocesana-de-jovenes\/","title":{"rendered":"XXVII ACAMPADA ESPIRITUAL DIOCESANA DE J\u00d3VENES"},"content":{"rendered":"<p style=\"text-align: justify;\"><span style=\"color: #000000;\">Los d\u00edas 5 y 6 de marzo, bajo el lema <strong><em>\u201cJuntos a la par\u201d<\/em><\/strong>, en la en la Sede Parroquial de Malabrigo, se estar\u00e1 llevando a cabo la XXVII ACAMPADA ESPIRITUAL DIOCESANA DE J\u00d3VENES, la cual convoca a cientos de j\u00f3venes de la regi\u00f3n y de todo el pa\u00eds.<\/span><\/p>\n<p style=\"text-align: justify;\"><span style=\"color: #000000;\">La Misa de clausura ser\u00e1 el domingo 06 a las 16 hs., presidida por el Obispo Diocesano, Mons. Dr. \u00c1ngel Jos\u00e9 Mac\u00edn.<\/span><\/p>\n<p style=\"text-align: justify;\"><span style=\"color: #000000;\">Como en a\u00f1os anteriores la inscripci\u00f3n web es obligatoria y las mismas son limitadas, para hacerlo dirigirse a la siguiente p\u00e1gina web: https:\/\/www.acampadamalabrigo.com.ar<\/span><\/p>\n<p style=\"text-align: justify;\"><span style=\"color: #000000;\">La propuesta es la misma cada a\u00f1o: <strong><em>\u00abAn\u00edmate joven! Dios quiere habitar en tu coraz\u00f3n, d\u00e9jalo entrar!\u00bb<\/em><\/strong><\/span><\/p>\n<p><strong>\u00a1NUEVO REQUISITO!<\/strong>&nbsp;S\u00f3lo podr\u00e1n participar j\u00f3venes de la di\u00f3cesis de Reconquista.<\/p>\n<pre class=\"_5s-8 prettyprint lang-code prettyprinted\">&nbsp;<\/pre>\n<p><script>window.fbAsyncInit = function() {\n  FB.init({\n    xfbml      : true,\n    version    : 'v3.2'\n  });\n  }; (function(d, s, id){\n    var js, fjs = d.getElementsByTagName(s)[0];\n    if (d.getElementById(id)) {return;}\n    js = d.createElement(s); js.id = id;\n    js.src = \"https:\/\/connect.facebook.net\/en_US\/sdk.js\";\n    fjs.parentNode.insertBefore(js, fjs);\n  }(document, 'script', 'facebook-jssdk'));<\/script><\/p>\n<div class=\"fb-video\" data-href=\"https:\/\/www.facebook.com\/434513055312\/videos\/1063729927807963\" data-width=\"500\" data-allowfullscreen=\"true\"><\/div>\n","protected":false},"excerpt":{"rendered":"<div class=\"mh-excerpt\"><p>Los d\u00edas 5 y 6 de marzo, bajo el lema \u201cJuntos a la par\u201d, en la en la Sede Parroquial de Malabrigo, se estar\u00e1 llevando <a class=\"mh-excerpt-more\" href=\"https:\/\/www.obispadorqta.org.ar\/v3\/xxvii-acampada-espiritual-diocesana-de-jovenes\/\" title=\"XXVII ACAMPADA ESPIRITUAL DIOCESANA DE J\u00d3VENES\">[&#8230;]<\/a><\/p>\n<\/div>","protected":false},"author":3,"featured_media":7244,"comment_status":"closed","ping_status":"open","sticky":false,"template":"","format":"standard","meta":{"footnotes":""},"categories":[6,28],"tags":[],"class_list":["post-7240","post","type-post","status-publish","format-standard","has-post-thumbnail","hentry","category-news","category-latest-news"],"_links":{"self":[{"href":"https:\/\/www.obispadorqta.org.ar\/v3\/wp-json\/wp\/v2\/posts\/7240","targetHints":{"allow":["GET"]}}],"collection":[{"href":"https:\/\/www.obispadorqta.org.ar\/v3\/wp-json\/wp\/v2\/posts"}],"about":[{"href":"https:\/\/www.obispadorqta.org.ar\/v3\/wp-json\/wp\/v2\/types\/post"}],"author":[{"embeddable":true,"href":"https:\/\/www.obispadorqta.org.ar\/v3\/wp-json\/wp\/v2\/users\/3"}],"replies":[{"embeddable":true,"href":"https:\/\/www.obispadorqta.org.ar\/v3\/wp-json\/wp\/v2\/comments?post=7240"}],"version-history":[{"count":5,"href":"https:\/\/www.obispadorqta.org.ar\/v3\/wp-json\/wp\/v2\/posts\/7240\/revisions"}],"predecessor-version":[{"id":7254,"href":"https:\/\/www.obispadorqta.org.ar\/v3\/wp-json\/wp\/v2\/posts\/7240\/revisions\/7254"}],"wp:featuredmedia":[{"embeddable":true,"href":"https:\/\/www.obispadorqta.org.ar\/v3\/wp-json\/wp\/v2\/media\/7244"}],"wp:attachment":[{"href":"https:\/\/www.obispadorqta.org.ar\/v3\/wp-json\/wp\/v2\/media?parent=7240"}],"wp:term":[{"taxonomy":"category","embeddable":true,"href":"https:\/\/www.obispadorqta.org.ar\/v3\/wp-json\/wp\/v2\/categories?post=7240"},{"taxonomy":"post_tag","embeddable":true,"href":"https:\/\/www.obispadorqta.org.ar\/v3\/wp-json\/wp\/v2\/tags?post=7240"}],"curies":[{"name":"wp","href":"https:\/\/api.w.org\/{rel}","templated":true}]}}