{"id":7241,"date":"2022-02-16T11:06:19","date_gmt":"2022-02-16T14:06:19","guid":{"rendered":"http:\/\/www.obispadorqta.org.ar\/v3\/?p=7241"},"modified":"2022-02-17T10:49:26","modified_gmt":"2022-02-17T13:49:26","slug":"asamblea-diocesana-del-mcc","status":"publish","type":"post","link":"https:\/\/www.obispadorqta.org.ar\/v3\/asamblea-diocesana-del-mcc\/","title":{"rendered":"Asamblea Diocesana del MCC"},"content":{"rendered":"<p style=\"text-align: justify;\">Con alegr\u00eda, desde el Obispado de Reconquista compartimos la invitaci\u00f3n a participar de la Asamblea Diocesana del Movimiento Cursillo de Cristiandad.<\/p>\n<p style=\"text-align: justify;\">La misma se llevar\u00e1 a cabo el domingo 20 de febrero, en la capilla \u00abNuestra Se\u00f1ora de la Paz\u00bb de la ciudad de Reconquista, con el siguiente programa:<\/p>\n<ul>\n<li style=\"text-align: justify;\">8.30 hs: Recepci\u00f3n de las comunidades.<\/li>\n<li style=\"text-align: justify;\">9 hs: Inicio de la Asamblea: Tema: \u00abLa Iglesia sinodal desde el MCC\u00bb, a cargo del Secretariado.<\/li>\n<li style=\"text-align: justify;\">10 hs: Charla del Padre Jorge Gallard, sobre el S\u00ednodo 2021\/2023.<\/li>\n<li style=\"text-align: justify;\">10,30 hs: Trabajo en grupos.<\/li>\n<li style=\"text-align: justify;\">11 hs: Iluminaci\u00f3n de Monse\u00f1or \u00c1ngel Jos\u00e9 Mac\u00edn.<\/li>\n<li style=\"text-align: justify;\">Misa.<\/li>\n<li style=\"text-align: justify;\">Almuerzo compartido.<\/li>\n<\/ul>\n<p><img loading=\"lazy\" decoding=\"async\" class=\"aligncenter size-full wp-image-7242\" src=\"https:\/\/www.obispadorqta.org.ar\/v3\/wp-content\/uploads\/2022\/02\/IMG-20220216-WA0000.jpg\" alt=\"\" width=\"720\" height=\"1280\" srcset=\"https:\/\/www.obispadorqta.org.ar\/v3\/wp-content\/uploads\/2022\/02\/IMG-20220216-WA0000.jpg 720w, https:\/\/www.obispadorqta.org.ar\/v3\/wp-content\/uploads\/2022\/02\/IMG-20220216-WA0000-169x300.jpg 169w, https:\/\/www.obispadorqta.org.ar\/v3\/wp-content\/uploads\/2022\/02\/IMG-20220216-WA0000-576x1024.jpg 576w\" sizes=\"auto, (max-width: 720px) 100vw, 720px\" \/><\/p>\n<div class=\"fb-video\" data-href=\"https:\/\/www.facebook.com\/video.php?v=10152795258318553\" data-width=\"500\" data-allowfullscreen=\"true\"><\/div>\n","protected":false},"excerpt":{"rendered":"<div class=\"mh-excerpt\"><p>Con alegr\u00eda, desde el Obispado de Reconquista compartimos la invitaci\u00f3n a participar de la Asamblea Diocesana del Movimiento Cursillo de Cristiandad. La misma se llevar\u00e1 <a class=\"mh-excerpt-more\" href=\"https:\/\/www.obispadorqta.org.ar\/v3\/asamblea-diocesana-del-mcc\/\" title=\"Asamblea Diocesana del MCC\">[&#8230;]<\/a><\/p>\n<\/div>","protected":false},"author":2,"featured_media":2441,"comment_status":"closed","ping_status":"open","sticky":false,"template":"","format":"standard","meta":{"footnotes":""},"categories":[6,28],"tags":[],"class_list":["post-7241","post","type-post","status-publish","format-standard","has-post-thumbnail","hentry","category-news","category-latest-news"],"_links":{"self":[{"href":"https:\/\/www.obispadorqta.org.ar\/v3\/wp-json\/wp\/v2\/posts\/7241","targetHints":{"allow":["GET"]}}],"collection":[{"href":"https:\/\/www.obispadorqta.org.ar\/v3\/wp-json\/wp\/v2\/posts"}],"about":[{"href":"https:\/\/www.obispadorqta.org.ar\/v3\/wp-json\/wp\/v2\/types\/post"}],"author":[{"embeddable":true,"href":"https:\/\/www.obispadorqta.org.ar\/v3\/wp-json\/wp\/v2\/users\/2"}],"replies":[{"embeddable":true,"href":"https:\/\/www.obispadorqta.org.ar\/v3\/wp-json\/wp\/v2\/comments?post=7241"}],"version-history":[{"count":5,"href":"https:\/\/www.obispadorqta.org.ar\/v3\/wp-json\/wp\/v2\/posts\/7241\/revisions"}],"predecessor-version":[{"id":7256,"href":"https:\/\/www.obispadorqta.org.ar\/v3\/wp-json\/wp\/v2\/posts\/7241\/revisions\/7256"}],"wp:featuredmedia":[{"embeddable":true,"href":"https:\/\/www.obispadorqta.org.ar\/v3\/wp-json\/wp\/v2\/media\/2441"}],"wp:attachment":[{"href":"https:\/\/www.obispadorqta.org.ar\/v3\/wp-json\/wp\/v2\/media?parent=7241"}],"wp:term":[{"taxonomy":"category","embeddable":true,"href":"https:\/\/www.obispadorqta.org.ar\/v3\/wp-json\/wp\/v2\/categories?post=7241"},{"taxonomy":"post_tag","embeddable":true,"href":"https:\/\/www.obispadorqta.org.ar\/v3\/wp-json\/wp\/v2\/tags?post=7241"}],"curies":[{"name":"wp","href":"https:\/\/api.w.org\/{rel}","templated":true}]}}