{"id":7257,"date":"2022-02-23T09:35:56","date_gmt":"2022-02-23T12:35:56","guid":{"rendered":"http:\/\/www.obispadorqta.org.ar\/v3\/?p=7257"},"modified":"2022-02-23T09:36:25","modified_gmt":"2022-02-23T12:36:25","slug":"ingreso-nuevos-seminaristas","status":"publish","type":"post","link":"https:\/\/www.obispadorqta.org.ar\/v3\/ingreso-nuevos-seminaristas\/","title":{"rendered":"INGRESO NUEVOS SEMINARISTAS"},"content":{"rendered":"<p style=\"text-align: justify;\">El lunes 28 de febrero se celebrar\u00e1 la Santa Misa en el Seminario Interdiocesano \u00abLa Encarnaci\u00f3n\u00bb, con sede en Resistencia, en la cual se recibir\u00e1 formalmente a los seminaristas que ingresan este a\u00f1o. Concelebrar\u00e1n la misma varios obispos y sacerdotes, incluido nuestro obispo diocesano, Mons. \u00c1ngel Jos\u00e9 Mac\u00edn.<\/p>\n<p style=\"text-align: justify;\">Los ingresantes son aproximadamente ocho muchachos, de las di\u00f3cesis de la zona, que comienzan su itinerario formativo. De nuestra Di\u00f3cesis ingresa un joven de la Pquia. Ntra. Sra. del Huerto de Malabrigo.<\/p>\n<p style=\"text-align: justify;\">Acompa\u00f1amos, sobre todo con nuestra oraci\u00f3n, este evento de gracia y bendici\u00f3n para la Iglesia.<\/p>\n","protected":false},"excerpt":{"rendered":"<div class=\"mh-excerpt\"><p>El lunes 28 de febrero se celebrar\u00e1 la Santa Misa en el Seminario Interdiocesano \u00abLa Encarnaci\u00f3n\u00bb, con sede en Resistencia, en la cual se recibir\u00e1 <a class=\"mh-excerpt-more\" href=\"https:\/\/www.obispadorqta.org.ar\/v3\/ingreso-nuevos-seminaristas\/\" title=\"INGRESO NUEVOS SEMINARISTAS\">[&#8230;]<\/a><\/p>\n<\/div>","protected":false},"author":3,"featured_media":7258,"comment_status":"closed","ping_status":"open","sticky":false,"template":"","format":"standard","meta":{"footnotes":""},"categories":[6,28],"tags":[],"class_list":["post-7257","post","type-post","status-publish","format-standard","has-post-thumbnail","hentry","category-news","category-latest-news"],"_links":{"self":[{"href":"https:\/\/www.obispadorqta.org.ar\/v3\/wp-json\/wp\/v2\/posts\/7257","targetHints":{"allow":["GET"]}}],"collection":[{"href":"https:\/\/www.obispadorqta.org.ar\/v3\/wp-json\/wp\/v2\/posts"}],"about":[{"href":"https:\/\/www.obispadorqta.org.ar\/v3\/wp-json\/wp\/v2\/types\/post"}],"author":[{"embeddable":true,"href":"https:\/\/www.obispadorqta.org.ar\/v3\/wp-json\/wp\/v2\/users\/3"}],"replies":[{"embeddable":true,"href":"https:\/\/www.obispadorqta.org.ar\/v3\/wp-json\/wp\/v2\/comments?post=7257"}],"version-history":[{"count":1,"href":"https:\/\/www.obispadorqta.org.ar\/v3\/wp-json\/wp\/v2\/posts\/7257\/revisions"}],"predecessor-version":[{"id":7259,"href":"https:\/\/www.obispadorqta.org.ar\/v3\/wp-json\/wp\/v2\/posts\/7257\/revisions\/7259"}],"wp:featuredmedia":[{"embeddable":true,"href":"https:\/\/www.obispadorqta.org.ar\/v3\/wp-json\/wp\/v2\/media\/7258"}],"wp:attachment":[{"href":"https:\/\/www.obispadorqta.org.ar\/v3\/wp-json\/wp\/v2\/media?parent=7257"}],"wp:term":[{"taxonomy":"category","embeddable":true,"href":"https:\/\/www.obispadorqta.org.ar\/v3\/wp-json\/wp\/v2\/categories?post=7257"},{"taxonomy":"post_tag","embeddable":true,"href":"https:\/\/www.obispadorqta.org.ar\/v3\/wp-json\/wp\/v2\/tags?post=7257"}],"curies":[{"name":"wp","href":"https:\/\/api.w.org\/{rel}","templated":true}]}}