{"id":7272,"date":"2022-03-02T09:36:44","date_gmt":"2022-03-02T12:36:44","guid":{"rendered":"http:\/\/www.obispadorqta.org.ar\/v3\/?p=7272"},"modified":"2022-03-02T10:48:43","modified_gmt":"2022-03-02T13:48:43","slug":"pastoral-de-juventud-y-nuevo-asesor","status":"publish","type":"post","link":"https:\/\/www.obispadorqta.org.ar\/v3\/pastoral-de-juventud-y-nuevo-asesor\/","title":{"rendered":"PASTORAL DE JUVENTUD Y NUEVO ASESOR"},"content":{"rendered":"<p style=\"text-align: justify;\"><span style=\"color: #000000;\">Coincidiendo con el comienzo de la cuaresma y ante la proximidad de la Acampada Diocesana de J\u00f3venes, el Obispo Diocesano, Mons. \u00c1ngel Jos\u00e9 Mac\u00edn, ha decidido nombrar Asesor de la Pastoral Juventud Diocesana al Pbro. Diego Luciano Carneiro, Vicario Parroquial de la Pquia. Inmaculada Concepci\u00f3n de Reconquista. Este nombramiento abarca las diferentes \u00e1reas de dicha pastoral, incluido el movimiento de Mensaje.<\/span><\/p>\n<p style=\"text-align: justify;\"><span style=\"color: #000000;\">Adem\u00e1s, con este nombramiento, el obispo quiere impulsar el trabajo integrado entre Pastoral Vocacional \u2013 Pastoral Juvenil \u2013 Pastoral Misionera, que forman parte de una misma din\u00e1mica de acompa\u00f1amiento a los j\u00f3venes. Una Pastoral Juvenil entusiasta y organizada, necesariamente lleva a la pregunta vocacional y al impulso misionero de los j\u00f3venes.<\/span><\/p>\n<p style=\"text-align: justify;\"><span style=\"color: #000000;\">Es intenci\u00f3n de nuestro Pastor reunirse pronto con los Asesores de estos tres espacios de evangelizaci\u00f3n para animar su tarea y trazar estrategias de acompa\u00f1amiento de los j\u00f3venes.<\/span><\/p>\n","protected":false},"excerpt":{"rendered":"<div class=\"mh-excerpt\"><p>Coincidiendo con el comienzo de la cuaresma y ante la proximidad de la Acampada Diocesana de J\u00f3venes, el Obispo Diocesano, Mons. \u00c1ngel Jos\u00e9 Mac\u00edn, ha <a class=\"mh-excerpt-more\" href=\"https:\/\/www.obispadorqta.org.ar\/v3\/pastoral-de-juventud-y-nuevo-asesor\/\" title=\"PASTORAL DE JUVENTUD Y NUEVO ASESOR\">[&#8230;]<\/a><\/p>\n<\/div>","protected":false},"author":3,"featured_media":7276,"comment_status":"closed","ping_status":"open","sticky":false,"template":"","format":"standard","meta":{"footnotes":""},"categories":[6,28],"tags":[],"class_list":["post-7272","post","type-post","status-publish","format-standard","has-post-thumbnail","hentry","category-news","category-latest-news"],"_links":{"self":[{"href":"https:\/\/www.obispadorqta.org.ar\/v3\/wp-json\/wp\/v2\/posts\/7272","targetHints":{"allow":["GET"]}}],"collection":[{"href":"https:\/\/www.obispadorqta.org.ar\/v3\/wp-json\/wp\/v2\/posts"}],"about":[{"href":"https:\/\/www.obispadorqta.org.ar\/v3\/wp-json\/wp\/v2\/types\/post"}],"author":[{"embeddable":true,"href":"https:\/\/www.obispadorqta.org.ar\/v3\/wp-json\/wp\/v2\/users\/3"}],"replies":[{"embeddable":true,"href":"https:\/\/www.obispadorqta.org.ar\/v3\/wp-json\/wp\/v2\/comments?post=7272"}],"version-history":[{"count":3,"href":"https:\/\/www.obispadorqta.org.ar\/v3\/wp-json\/wp\/v2\/posts\/7272\/revisions"}],"predecessor-version":[{"id":7278,"href":"https:\/\/www.obispadorqta.org.ar\/v3\/wp-json\/wp\/v2\/posts\/7272\/revisions\/7278"}],"wp:featuredmedia":[{"embeddable":true,"href":"https:\/\/www.obispadorqta.org.ar\/v3\/wp-json\/wp\/v2\/media\/7276"}],"wp:attachment":[{"href":"https:\/\/www.obispadorqta.org.ar\/v3\/wp-json\/wp\/v2\/media?parent=7272"}],"wp:term":[{"taxonomy":"category","embeddable":true,"href":"https:\/\/www.obispadorqta.org.ar\/v3\/wp-json\/wp\/v2\/categories?post=7272"},{"taxonomy":"post_tag","embeddable":true,"href":"https:\/\/www.obispadorqta.org.ar\/v3\/wp-json\/wp\/v2\/tags?post=7272"}],"curies":[{"name":"wp","href":"https:\/\/api.w.org\/{rel}","templated":true}]}}