{"id":7279,"date":"2022-03-02T11:15:35","date_gmt":"2022-03-02T14:15:35","guid":{"rendered":"http:\/\/www.obispadorqta.org.ar\/v3\/?p=7279"},"modified":"2022-03-02T11:16:03","modified_gmt":"2022-03-02T14:16:03","slug":"inicio-de-la-cuaresma","status":"publish","type":"post","link":"https:\/\/www.obispadorqta.org.ar\/v3\/inicio-de-la-cuaresma\/","title":{"rendered":"INICIO DE LA CUARESMA"},"content":{"rendered":"<p style=\"text-align: justify;\"><span style=\"color: #000000;\">Con la celebraci\u00f3n del Mi\u00e9rcoles de Ceniza y la imposici\u00f3n de las mismas, iniciamos el tiempo cuaresmal, que como nos lo indica el Mensaje de nuestro obispo diocesano, \u00abEl enjugar\u00e1 las l\u00e1grimas de sus ojos\u00bb, tiene como meta y raz\u00f3n de ser la fiesta de la Pascua y la renovaci\u00f3n de nuestra fe en la Resurrecci\u00f3n de Cristo.<\/span><\/p>\n<p style=\"text-align: justify;\"><span style=\"color: #000000;\">Anhelamos que sea un tiempo intenso, de redescubrimiento del triunfo de la vida, en medio de tantos signos de muerte que nos rodean.<\/span><\/p>\n","protected":false},"excerpt":{"rendered":"<div class=\"mh-excerpt\"><p>Con la celebraci\u00f3n del Mi\u00e9rcoles de Ceniza y la imposici\u00f3n de las mismas, iniciamos el tiempo cuaresmal, que como nos lo indica el Mensaje de <a class=\"mh-excerpt-more\" href=\"https:\/\/www.obispadorqta.org.ar\/v3\/inicio-de-la-cuaresma\/\" title=\"INICIO DE LA CUARESMA\">[&#8230;]<\/a><\/p>\n<\/div>","protected":false},"author":3,"featured_media":7280,"comment_status":"closed","ping_status":"open","sticky":false,"template":"","format":"standard","meta":{"footnotes":""},"categories":[85,28],"tags":[],"class_list":["post-7279","post","type-post","status-publish","format-standard","has-post-thumbnail","hentry","category-novenas","category-latest-news"],"_links":{"self":[{"href":"https:\/\/www.obispadorqta.org.ar\/v3\/wp-json\/wp\/v2\/posts\/7279","targetHints":{"allow":["GET"]}}],"collection":[{"href":"https:\/\/www.obispadorqta.org.ar\/v3\/wp-json\/wp\/v2\/posts"}],"about":[{"href":"https:\/\/www.obispadorqta.org.ar\/v3\/wp-json\/wp\/v2\/types\/post"}],"author":[{"embeddable":true,"href":"https:\/\/www.obispadorqta.org.ar\/v3\/wp-json\/wp\/v2\/users\/3"}],"replies":[{"embeddable":true,"href":"https:\/\/www.obispadorqta.org.ar\/v3\/wp-json\/wp\/v2\/comments?post=7279"}],"version-history":[{"count":1,"href":"https:\/\/www.obispadorqta.org.ar\/v3\/wp-json\/wp\/v2\/posts\/7279\/revisions"}],"predecessor-version":[{"id":7281,"href":"https:\/\/www.obispadorqta.org.ar\/v3\/wp-json\/wp\/v2\/posts\/7279\/revisions\/7281"}],"wp:featuredmedia":[{"embeddable":true,"href":"https:\/\/www.obispadorqta.org.ar\/v3\/wp-json\/wp\/v2\/media\/7280"}],"wp:attachment":[{"href":"https:\/\/www.obispadorqta.org.ar\/v3\/wp-json\/wp\/v2\/media?parent=7279"}],"wp:term":[{"taxonomy":"category","embeddable":true,"href":"https:\/\/www.obispadorqta.org.ar\/v3\/wp-json\/wp\/v2\/categories?post=7279"},{"taxonomy":"post_tag","embeddable":true,"href":"https:\/\/www.obispadorqta.org.ar\/v3\/wp-json\/wp\/v2\/tags?post=7279"}],"curies":[{"name":"wp","href":"https:\/\/api.w.org\/{rel}","templated":true}]}}