{"id":7284,"date":"2022-03-07T08:09:18","date_gmt":"2022-03-07T11:09:18","guid":{"rendered":"http:\/\/www.obispadorqta.org.ar\/v3\/?p=7284"},"modified":"2022-03-07T08:15:25","modified_gmt":"2022-03-07T11:15:25","slug":"comision-de-migrantes","status":"publish","type":"post","link":"https:\/\/www.obispadorqta.org.ar\/v3\/comision-de-migrantes\/","title":{"rendered":"COMISI\u00d3N DE MIGRANTES"},"content":{"rendered":"<p style=\"text-align: justify;\">El lunes 7 se realizar\u00e1 la primera reuni\u00f3n anual de los delegados para la Comisi\u00f3n Episcopal de Migrantes e Itinerantes, que preside nuestro Obispo Diocesano, Mons. \u00c1ngel Jos\u00e9 Mac\u00edn. Por tal motivo, el obispo estar\u00e1 en Bs As los primeros d\u00edas de la semana.<\/p>\n<p style=\"text-align: justify;\">Tambi\u00e9n se har\u00e1 el primer encuentro de la \u00abRed Clamor\u00bb, que re\u00fane distintos organismos de Latinoam\u00e9rica y el Caribe que acompa\u00f1an el tema de migraciones, refugiados, trata de personas, etc.<\/p>\n<p style=\"text-align: justify;\">En un tiempo especialmente sensible a estos temas, por la inesperada y dolorosa guerra que ha estallado en Europa, ofrezcamos nuestra penitencia cuaresmal para quienes sufren por tener que dejar su patria y los suyos.<br \/>\nY no dejemos de orar por la paz!<\/p>\n","protected":false},"excerpt":{"rendered":"<div class=\"mh-excerpt\"><p>El lunes 7 se realizar\u00e1 la primera reuni\u00f3n anual de los delegados para la Comisi\u00f3n Episcopal de Migrantes e Itinerantes, que preside nuestro Obispo Diocesano, <a class=\"mh-excerpt-more\" href=\"https:\/\/www.obispadorqta.org.ar\/v3\/comision-de-migrantes\/\" title=\"COMISI\u00d3N DE MIGRANTES\">[&#8230;]<\/a><\/p>\n<\/div>","protected":false},"author":3,"featured_media":7292,"comment_status":"closed","ping_status":"open","sticky":false,"template":"","format":"standard","meta":{"footnotes":""},"categories":[6,28],"tags":[],"class_list":["post-7284","post","type-post","status-publish","format-standard","has-post-thumbnail","hentry","category-news","category-latest-news"],"_links":{"self":[{"href":"https:\/\/www.obispadorqta.org.ar\/v3\/wp-json\/wp\/v2\/posts\/7284","targetHints":{"allow":["GET"]}}],"collection":[{"href":"https:\/\/www.obispadorqta.org.ar\/v3\/wp-json\/wp\/v2\/posts"}],"about":[{"href":"https:\/\/www.obispadorqta.org.ar\/v3\/wp-json\/wp\/v2\/types\/post"}],"author":[{"embeddable":true,"href":"https:\/\/www.obispadorqta.org.ar\/v3\/wp-json\/wp\/v2\/users\/3"}],"replies":[{"embeddable":true,"href":"https:\/\/www.obispadorqta.org.ar\/v3\/wp-json\/wp\/v2\/comments?post=7284"}],"version-history":[{"count":1,"href":"https:\/\/www.obispadorqta.org.ar\/v3\/wp-json\/wp\/v2\/posts\/7284\/revisions"}],"predecessor-version":[{"id":7287,"href":"https:\/\/www.obispadorqta.org.ar\/v3\/wp-json\/wp\/v2\/posts\/7284\/revisions\/7287"}],"wp:featuredmedia":[{"embeddable":true,"href":"https:\/\/www.obispadorqta.org.ar\/v3\/wp-json\/wp\/v2\/media\/7292"}],"wp:attachment":[{"href":"https:\/\/www.obispadorqta.org.ar\/v3\/wp-json\/wp\/v2\/media?parent=7284"}],"wp:term":[{"taxonomy":"category","embeddable":true,"href":"https:\/\/www.obispadorqta.org.ar\/v3\/wp-json\/wp\/v2\/categories?post=7284"},{"taxonomy":"post_tag","embeddable":true,"href":"https:\/\/www.obispadorqta.org.ar\/v3\/wp-json\/wp\/v2\/tags?post=7284"}],"curies":[{"name":"wp","href":"https:\/\/api.w.org\/{rel}","templated":true}]}}