{"id":7294,"date":"2022-03-17T07:57:00","date_gmt":"2022-03-17T10:57:00","guid":{"rendered":"http:\/\/www.obispadorqta.org.ar\/v3\/?p=7294"},"modified":"2022-03-17T08:28:52","modified_gmt":"2022-03-17T11:28:52","slug":"colecta-diocesana-del-1-cuaresmal","status":"publish","type":"post","link":"https:\/\/www.obispadorqta.org.ar\/v3\/colecta-diocesana-del-1-cuaresmal\/","title":{"rendered":"COLECTA DIOCESANA DEL 1% CUARESMAL"},"content":{"rendered":"<p style=\"text-align: justify;\"><span style=\"color: #000000;\">Bajo el lema <em><strong>\u201cAMAR PARA SERVIR\u201d,<\/strong><\/em> los d\u00edas 19 y 20 de marzo, se llevar\u00e1 a cabo en las distintas parroquias y capillas de la Di\u00f3cesis la Colecta Solidaria del 1% Cuaresmal.<\/span><\/p>\n<p style=\"text-align: justify;\"><span style=\"color: #000000;\">La Iglesia Diocesana de Reconquista implementa desde hace m\u00e1s de 25 a\u00f1os esta colecta que consiste en PONER EN COM\u00daN al menos el 1% de nuestros ingresos mensuales, para la realizaci\u00f3n de obras concretas, en beneficio de aquellos que m\u00e1s lo necesitan.<\/span><\/p>\n<p style=\"text-align: justify;\"><span style=\"color: #000000;\">Lo recaudado es destinado, a trav\u00e9s&nbsp; de Caritas Diocesana, a colaborar con familias necesitadas que requieren una mano solidaria para mejorar su vivienda o tener acceso a una bomba de agua, o apoyar peque\u00f1os emprendimientos con la compra de herramientas de trabajo y otros elementos.<\/span><\/p>\n<p style=\"text-align: justify;\"><span style=\"color: #000000;\">Todos sabemos que la Caridad es uno de los pilares fundamentales de nuestra Fe en Jesucristo. Y este es un tiempo especial para renovar nuestro compromiso cristiano. Contamos con la solidaridad de siempre para seguir ayudando entre todos a nuestros hermanos m\u00e1s necesitados.<\/span><\/p>\n","protected":false},"excerpt":{"rendered":"<div class=\"mh-excerpt\"><p>Bajo el lema \u201cAMAR PARA SERVIR\u201d, los d\u00edas 19 y 20 de marzo, se llevar\u00e1 a cabo en las distintas parroquias y capillas de la <a class=\"mh-excerpt-more\" href=\"https:\/\/www.obispadorqta.org.ar\/v3\/colecta-diocesana-del-1-cuaresmal\/\" title=\"COLECTA DIOCESANA DEL 1% CUARESMAL\">[&#8230;]<\/a><\/p>\n<\/div>","protected":false},"author":3,"featured_media":7297,"comment_status":"closed","ping_status":"open","sticky":false,"template":"","format":"standard","meta":{"footnotes":""},"categories":[6,28],"tags":[],"class_list":["post-7294","post","type-post","status-publish","format-standard","has-post-thumbnail","hentry","category-news","category-latest-news"],"_links":{"self":[{"href":"https:\/\/www.obispadorqta.org.ar\/v3\/wp-json\/wp\/v2\/posts\/7294","targetHints":{"allow":["GET"]}}],"collection":[{"href":"https:\/\/www.obispadorqta.org.ar\/v3\/wp-json\/wp\/v2\/posts"}],"about":[{"href":"https:\/\/www.obispadorqta.org.ar\/v3\/wp-json\/wp\/v2\/types\/post"}],"author":[{"embeddable":true,"href":"https:\/\/www.obispadorqta.org.ar\/v3\/wp-json\/wp\/v2\/users\/3"}],"replies":[{"embeddable":true,"href":"https:\/\/www.obispadorqta.org.ar\/v3\/wp-json\/wp\/v2\/comments?post=7294"}],"version-history":[{"count":3,"href":"https:\/\/www.obispadorqta.org.ar\/v3\/wp-json\/wp\/v2\/posts\/7294\/revisions"}],"predecessor-version":[{"id":7320,"href":"https:\/\/www.obispadorqta.org.ar\/v3\/wp-json\/wp\/v2\/posts\/7294\/revisions\/7320"}],"wp:featuredmedia":[{"embeddable":true,"href":"https:\/\/www.obispadorqta.org.ar\/v3\/wp-json\/wp\/v2\/media\/7297"}],"wp:attachment":[{"href":"https:\/\/www.obispadorqta.org.ar\/v3\/wp-json\/wp\/v2\/media?parent=7294"}],"wp:term":[{"taxonomy":"category","embeddable":true,"href":"https:\/\/www.obispadorqta.org.ar\/v3\/wp-json\/wp\/v2\/categories?post=7294"},{"taxonomy":"post_tag","embeddable":true,"href":"https:\/\/www.obispadorqta.org.ar\/v3\/wp-json\/wp\/v2\/tags?post=7294"}],"curies":[{"name":"wp","href":"https:\/\/api.w.org\/{rel}","templated":true}]}}