{"id":7299,"date":"2022-03-09T11:55:05","date_gmt":"2022-03-09T14:55:05","guid":{"rendered":"http:\/\/www.obispadorqta.org.ar\/v3\/?p=7299"},"modified":"2022-03-09T11:57:39","modified_gmt":"2022-03-09T14:57:39","slug":"campana-internacional-de-40-dias-por-la-vida","status":"publish","type":"post","link":"https:\/\/www.obispadorqta.org.ar\/v3\/campana-internacional-de-40-dias-por-la-vida\/","title":{"rendered":"CAMPA\u00d1A INTERNACIONAL 40 D\u00cdAS POR LA VIDA"},"content":{"rendered":"<p style=\"text-align: justify;\"><span style=\"color: #000000;\">La comunidad diocesana 40 D\u00edas por la Vida, se unir\u00e1 con ciudades del mundo entero en una movilizaci\u00f3n simult\u00e1nea a favor de la Vida: <strong>La campa\u00f1a Internacional de 40 D\u00edas por la Vida.<\/strong> Fieles creyentes se unen en oraci\u00f3n para que este esfuerzo marque el comienzo del fin del aborto en Argentina.<\/span><\/p>\n<p><img loading=\"lazy\" decoding=\"async\" class=\"aligncenter size-full wp-image-7300\" src=\"https:\/\/www.obispadorqta.org.ar\/v3\/wp-content\/uploads\/2022\/03\/RQTA.2022.png\" alt=\"\" width=\"500\" height=\"657\" srcset=\"https:\/\/www.obispadorqta.org.ar\/v3\/wp-content\/uploads\/2022\/03\/RQTA.2022.png 500w, https:\/\/www.obispadorqta.org.ar\/v3\/wp-content\/uploads\/2022\/03\/RQTA.2022-228x300.png 228w\" sizes=\"auto, (max-width: 500px) 100vw, 500px\" \/><\/p>\n<p style=\"text-align: justify;\"><span style=\"color: #000000;\">40 D\u00edas por la Vida es una campa\u00f1a enfocada a favor de la Vida que en los \u00faltimos a\u00f1os ha generado resultados medibles en vidas salvadas en cada comunidad en la que se ha llevado a cabo.<\/span><\/p>\n<p style=\"text-align: justify;\"><span style=\"color: #000000;\">Te invitamos a vivir una cuaresma diferente, s\u00famate a la Campa\u00f1a de Oraci\u00f3n por el fin del aborto del <strong>02 de marzo al 10 de abril en el Hospital Central de Reconquista.<\/strong><\/span><\/p>\n<p style=\"text-align: justify;\"><span style=\"color: #000000;\">A las distintas comunidades de la di\u00f3cesis que deseen adherirse a esta Vigilia Internacional, comunicarse con M\u00f3nica al 3482 668224 o con Carlos al 3482 \u2013 334960 para coordinar el horario que quieran sumarse.<\/span><\/p>\n","protected":false},"excerpt":{"rendered":"<div class=\"mh-excerpt\"><p>La comunidad diocesana 40 D\u00edas por la Vida, se unir\u00e1 con ciudades del mundo entero en una movilizaci\u00f3n simult\u00e1nea a favor de la Vida: La <a class=\"mh-excerpt-more\" href=\"https:\/\/www.obispadorqta.org.ar\/v3\/campana-internacional-de-40-dias-por-la-vida\/\" title=\"CAMPA\u00d1A INTERNACIONAL 40 D\u00cdAS POR LA VIDA\">[&#8230;]<\/a><\/p>\n<\/div>","protected":false},"author":3,"featured_media":7305,"comment_status":"closed","ping_status":"open","sticky":false,"template":"","format":"standard","meta":{"footnotes":""},"categories":[6,28],"tags":[],"class_list":["post-7299","post","type-post","status-publish","format-standard","has-post-thumbnail","hentry","category-news","category-latest-news"],"_links":{"self":[{"href":"https:\/\/www.obispadorqta.org.ar\/v3\/wp-json\/wp\/v2\/posts\/7299","targetHints":{"allow":["GET"]}}],"collection":[{"href":"https:\/\/www.obispadorqta.org.ar\/v3\/wp-json\/wp\/v2\/posts"}],"about":[{"href":"https:\/\/www.obispadorqta.org.ar\/v3\/wp-json\/wp\/v2\/types\/post"}],"author":[{"embeddable":true,"href":"https:\/\/www.obispadorqta.org.ar\/v3\/wp-json\/wp\/v2\/users\/3"}],"replies":[{"embeddable":true,"href":"https:\/\/www.obispadorqta.org.ar\/v3\/wp-json\/wp\/v2\/comments?post=7299"}],"version-history":[{"count":4,"href":"https:\/\/www.obispadorqta.org.ar\/v3\/wp-json\/wp\/v2\/posts\/7299\/revisions"}],"predecessor-version":[{"id":7308,"href":"https:\/\/www.obispadorqta.org.ar\/v3\/wp-json\/wp\/v2\/posts\/7299\/revisions\/7308"}],"wp:featuredmedia":[{"embeddable":true,"href":"https:\/\/www.obispadorqta.org.ar\/v3\/wp-json\/wp\/v2\/media\/7305"}],"wp:attachment":[{"href":"https:\/\/www.obispadorqta.org.ar\/v3\/wp-json\/wp\/v2\/media?parent=7299"}],"wp:term":[{"taxonomy":"category","embeddable":true,"href":"https:\/\/www.obispadorqta.org.ar\/v3\/wp-json\/wp\/v2\/categories?post=7299"},{"taxonomy":"post_tag","embeddable":true,"href":"https:\/\/www.obispadorqta.org.ar\/v3\/wp-json\/wp\/v2\/tags?post=7299"}],"curies":[{"name":"wp","href":"https:\/\/api.w.org\/{rel}","templated":true}]}}