{"id":7311,"date":"2022-03-14T11:45:38","date_gmt":"2022-03-14T14:45:38","guid":{"rendered":"http:\/\/www.obispadorqta.org.ar\/v3\/?p=7311"},"modified":"2022-03-15T08:08:20","modified_gmt":"2022-03-15T11:08:20","slug":"encuentro-de-presbiterio-11","status":"publish","type":"post","link":"https:\/\/www.obispadorqta.org.ar\/v3\/encuentro-de-presbiterio-11\/","title":{"rendered":"ENCUENTRO DE PRESBITERIO"},"content":{"rendered":"<p style=\"text-align: justify;\"><span style=\"color: #000000;\">Desde el d\u00eda de hoy, lunes 14 de marzo, hasta el mediod\u00eda de ma\u00f1ana, martes 15, tendr\u00e1 lugar el primer encuentro de presbiterio del a\u00f1o, en la Casa de Retiro \u201cEl Jacarand\u00e1\u201d.<\/span><\/p>\n<p style=\"text-align: justify;\"><span style=\"color: #000000;\">En un ambiente fraterno y de oraci\u00f3n, los sacerdotes se re\u00fanen con el Obispo Diocesano, Mons. \u00c1ngel Jos\u00e9 Mac\u00edn para abordar distintos temas que hacen a la agenda pastoral de la Di\u00f3cesis.<\/span><\/p>\n<p style=\"text-align: justify;\"><span style=\"color: #000000;\">A su t\u00e9rmino, el Obispo, como miembro del Equipo de Animaci\u00f3n Argentina para el S\u00ednodo, viajara a Buenos Aires para presentar ante la Comisi\u00f3n Permanente de la Conferencia Episcopal Argentina, un informe del trabajo que se viene realizando a nivel nacional sobre el camino sinodal.<\/span><\/p>\n<p style=\"text-align: justify;\"><span style=\"color: #000000;\">Acompa\u00f1amos en la oraci\u00f3n a nuestro Obispo y sacerdotes, para que este encuentro sea fruct\u00edfero y pueda brindar las herramientas necesarias para las tareas que desarrollan en nuestra Iglesia.<\/span><\/p>\n","protected":false},"excerpt":{"rendered":"<div class=\"mh-excerpt\"><p>Desde el d\u00eda de hoy, lunes 14 de marzo, hasta el mediod\u00eda de ma\u00f1ana, martes 15, tendr\u00e1 lugar el primer encuentro de presbiterio del a\u00f1o, <a class=\"mh-excerpt-more\" href=\"https:\/\/www.obispadorqta.org.ar\/v3\/encuentro-de-presbiterio-11\/\" title=\"ENCUENTRO DE PRESBITERIO\">[&#8230;]<\/a><\/p>\n<\/div>","protected":false},"author":3,"featured_media":3301,"comment_status":"closed","ping_status":"open","sticky":false,"template":"","format":"standard","meta":{"footnotes":""},"categories":[6,28],"tags":[],"class_list":["post-7311","post","type-post","status-publish","format-standard","has-post-thumbnail","hentry","category-news","category-latest-news"],"_links":{"self":[{"href":"https:\/\/www.obispadorqta.org.ar\/v3\/wp-json\/wp\/v2\/posts\/7311","targetHints":{"allow":["GET"]}}],"collection":[{"href":"https:\/\/www.obispadorqta.org.ar\/v3\/wp-json\/wp\/v2\/posts"}],"about":[{"href":"https:\/\/www.obispadorqta.org.ar\/v3\/wp-json\/wp\/v2\/types\/post"}],"author":[{"embeddable":true,"href":"https:\/\/www.obispadorqta.org.ar\/v3\/wp-json\/wp\/v2\/users\/3"}],"replies":[{"embeddable":true,"href":"https:\/\/www.obispadorqta.org.ar\/v3\/wp-json\/wp\/v2\/comments?post=7311"}],"version-history":[{"count":6,"href":"https:\/\/www.obispadorqta.org.ar\/v3\/wp-json\/wp\/v2\/posts\/7311\/revisions"}],"predecessor-version":[{"id":7318,"href":"https:\/\/www.obispadorqta.org.ar\/v3\/wp-json\/wp\/v2\/posts\/7311\/revisions\/7318"}],"wp:featuredmedia":[{"embeddable":true,"href":"https:\/\/www.obispadorqta.org.ar\/v3\/wp-json\/wp\/v2\/media\/3301"}],"wp:attachment":[{"href":"https:\/\/www.obispadorqta.org.ar\/v3\/wp-json\/wp\/v2\/media?parent=7311"}],"wp:term":[{"taxonomy":"category","embeddable":true,"href":"https:\/\/www.obispadorqta.org.ar\/v3\/wp-json\/wp\/v2\/categories?post=7311"},{"taxonomy":"post_tag","embeddable":true,"href":"https:\/\/www.obispadorqta.org.ar\/v3\/wp-json\/wp\/v2\/tags?post=7311"}],"curies":[{"name":"wp","href":"https:\/\/api.w.org\/{rel}","templated":true}]}}