{"id":7321,"date":"2022-03-21T08:02:08","date_gmt":"2022-03-21T11:02:08","guid":{"rendered":"http:\/\/www.obispadorqta.org.ar\/v3\/?p=7321"},"modified":"2022-03-21T08:03:09","modified_gmt":"2022-03-21T11:03:09","slug":"encuentro-obispos-region-nea","status":"publish","type":"post","link":"https:\/\/www.obispadorqta.org.ar\/v3\/encuentro-obispos-region-nea\/","title":{"rendered":"ENCUENTRO OBISPOS REGI\u00d3N NEA"},"content":{"rendered":"<div style=\"text-align: justify;\"><span style=\"color: #000000;\">A partir del lunes 21, a mediod\u00eda, hasta el mi\u00e9rcoles 23, tambi\u00e9n al mediod\u00eda, se reunir\u00e1n en Corrientes los obispos de la Regi\u00f3n Pastoral NEA de la Conferencia Episcopal Argentina. En esta reuni\u00f3n participar\u00e1 nuestro obispo diocesano, Mons. \u00c1ngel Jos\u00e9 Mac\u00edn.<\/span><\/div>\n<div><\/div>\n<div style=\"text-align: justify;\"><span style=\"color: #000000;\">Tratar\u00e1n distintos temas de actualidad, entre otros, la cuesti\u00f3n de la sinodalidad en la Iglesia. Con ese tel\u00f3n de fondo,\u00a0tambi\u00e9n revisar\u00e1n la marcha de los organismos regionales, para luego elegir a los obispos responsables de distintas \u00e1reas de comuni\u00f3n regional, por estar vencido el per\u00edodo por el cual fueron electos.<\/span><\/div>\n<div><\/div>\n<div style=\"text-align: justify;\"><span style=\"color: #000000;\">Adem\u00e1s, visitar\u00e1n la Bas\u00edlica de la Virgen de Itat\u00ed, para orar por todo el Pueblo de Dios, y agradecer por el ministerio episcopal de alguno de ellos, que en este tiempo ha celebrado un nuevo aniversario.<\/span><\/div>\n","protected":false},"excerpt":{"rendered":"<div class=\"mh-excerpt\"><p>A partir del lunes 21, a mediod\u00eda, hasta el mi\u00e9rcoles 23, tambi\u00e9n al mediod\u00eda, se reunir\u00e1n en Corrientes los obispos de la Regi\u00f3n Pastoral NEA <a class=\"mh-excerpt-more\" href=\"https:\/\/www.obispadorqta.org.ar\/v3\/encuentro-obispos-region-nea\/\" title=\"ENCUENTRO OBISPOS REGI\u00d3N NEA\">[&#8230;]<\/a><\/p>\n<\/div>","protected":false},"author":3,"featured_media":7325,"comment_status":"closed","ping_status":"open","sticky":false,"template":"","format":"standard","meta":{"footnotes":""},"categories":[6,28],"tags":[],"class_list":["post-7321","post","type-post","status-publish","format-standard","has-post-thumbnail","hentry","category-news","category-latest-news"],"_links":{"self":[{"href":"https:\/\/www.obispadorqta.org.ar\/v3\/wp-json\/wp\/v2\/posts\/7321","targetHints":{"allow":["GET"]}}],"collection":[{"href":"https:\/\/www.obispadorqta.org.ar\/v3\/wp-json\/wp\/v2\/posts"}],"about":[{"href":"https:\/\/www.obispadorqta.org.ar\/v3\/wp-json\/wp\/v2\/types\/post"}],"author":[{"embeddable":true,"href":"https:\/\/www.obispadorqta.org.ar\/v3\/wp-json\/wp\/v2\/users\/3"}],"replies":[{"embeddable":true,"href":"https:\/\/www.obispadorqta.org.ar\/v3\/wp-json\/wp\/v2\/comments?post=7321"}],"version-history":[{"count":1,"href":"https:\/\/www.obispadorqta.org.ar\/v3\/wp-json\/wp\/v2\/posts\/7321\/revisions"}],"predecessor-version":[{"id":7323,"href":"https:\/\/www.obispadorqta.org.ar\/v3\/wp-json\/wp\/v2\/posts\/7321\/revisions\/7323"}],"wp:featuredmedia":[{"embeddable":true,"href":"https:\/\/www.obispadorqta.org.ar\/v3\/wp-json\/wp\/v2\/media\/7325"}],"wp:attachment":[{"href":"https:\/\/www.obispadorqta.org.ar\/v3\/wp-json\/wp\/v2\/media?parent=7321"}],"wp:term":[{"taxonomy":"category","embeddable":true,"href":"https:\/\/www.obispadorqta.org.ar\/v3\/wp-json\/wp\/v2\/categories?post=7321"},{"taxonomy":"post_tag","embeddable":true,"href":"https:\/\/www.obispadorqta.org.ar\/v3\/wp-json\/wp\/v2\/tags?post=7321"}],"curies":[{"name":"wp","href":"https:\/\/api.w.org\/{rel}","templated":true}]}}