{"id":7327,"date":"2022-03-22T11:45:10","date_gmt":"2022-03-22T14:45:10","guid":{"rendered":"http:\/\/www.obispadorqta.org.ar\/v3\/?p=7327"},"modified":"2022-03-22T11:55:49","modified_gmt":"2022-03-22T14:55:49","slug":"admision-del-seminarista-david-hermann","status":"publish","type":"post","link":"https:\/\/www.obispadorqta.org.ar\/v3\/admision-del-seminarista-david-hermann\/","title":{"rendered":"ADMISI\u00d3N DEL SEMINARISTA DAVID EMANUEL HERMAN"},"content":{"rendered":"<p style=\"text-align: justify;\"><span style=\"color: #000000;\">El jueves 24, v\u00edsperas de la solemnidad de la Encarnaci\u00f3n del Se\u00f1or, el obispo diocesano, Mons. \u00c1ngel Jos\u00e9 Mac\u00edn, en el marco de la celebraci\u00f3n de la Liturgia de las Horas, m\u00e1s espec\u00edficamente en el marco del rezo de las primeras v\u00edsperas de la mencionada solemnidad, va a admitir a las Sagradas \u00d3rdenes al seminarista David Emanuel Herman.<\/span><\/p>\n<p style=\"text-align: justify;\"><span style=\"color: #000000;\">Acompa\u00f1amos con nuestra oraci\u00f3n este grato momento para el seminario y para nuestra Iglesia Diocesana.<\/span><\/p>\n","protected":false},"excerpt":{"rendered":"<div class=\"mh-excerpt\"><p>El jueves 24, v\u00edsperas de la solemnidad de la Encarnaci\u00f3n del Se\u00f1or, el obispo diocesano, Mons. \u00c1ngel Jos\u00e9 Mac\u00edn, en el marco de la celebraci\u00f3n <a class=\"mh-excerpt-more\" href=\"https:\/\/www.obispadorqta.org.ar\/v3\/admision-del-seminarista-david-hermann\/\" title=\"ADMISI\u00d3N DEL SEMINARISTA DAVID EMANUEL HERMAN\">[&#8230;]<\/a><\/p>\n<\/div>","protected":false},"author":3,"featured_media":7334,"comment_status":"closed","ping_status":"open","sticky":false,"template":"","format":"standard","meta":{"footnotes":""},"categories":[6,28],"tags":[],"class_list":["post-7327","post","type-post","status-publish","format-standard","has-post-thumbnail","hentry","category-news","category-latest-news"],"_links":{"self":[{"href":"https:\/\/www.obispadorqta.org.ar\/v3\/wp-json\/wp\/v2\/posts\/7327","targetHints":{"allow":["GET"]}}],"collection":[{"href":"https:\/\/www.obispadorqta.org.ar\/v3\/wp-json\/wp\/v2\/posts"}],"about":[{"href":"https:\/\/www.obispadorqta.org.ar\/v3\/wp-json\/wp\/v2\/types\/post"}],"author":[{"embeddable":true,"href":"https:\/\/www.obispadorqta.org.ar\/v3\/wp-json\/wp\/v2\/users\/3"}],"replies":[{"embeddable":true,"href":"https:\/\/www.obispadorqta.org.ar\/v3\/wp-json\/wp\/v2\/comments?post=7327"}],"version-history":[{"count":4,"href":"https:\/\/www.obispadorqta.org.ar\/v3\/wp-json\/wp\/v2\/posts\/7327\/revisions"}],"predecessor-version":[{"id":7338,"href":"https:\/\/www.obispadorqta.org.ar\/v3\/wp-json\/wp\/v2\/posts\/7327\/revisions\/7338"}],"wp:featuredmedia":[{"embeddable":true,"href":"https:\/\/www.obispadorqta.org.ar\/v3\/wp-json\/wp\/v2\/media\/7334"}],"wp:attachment":[{"href":"https:\/\/www.obispadorqta.org.ar\/v3\/wp-json\/wp\/v2\/media?parent=7327"}],"wp:term":[{"taxonomy":"category","embeddable":true,"href":"https:\/\/www.obispadorqta.org.ar\/v3\/wp-json\/wp\/v2\/categories?post=7327"},{"taxonomy":"post_tag","embeddable":true,"href":"https:\/\/www.obispadorqta.org.ar\/v3\/wp-json\/wp\/v2\/tags?post=7327"}],"curies":[{"name":"wp","href":"https:\/\/api.w.org\/{rel}","templated":true}]}}