{"id":7339,"date":"2022-03-24T21:18:51","date_gmt":"2022-03-25T00:18:51","guid":{"rendered":"http:\/\/www.obispadorqta.org.ar\/v3\/?p=7339"},"modified":"2022-03-24T21:19:00","modified_gmt":"2022-03-25T00:19:00","slug":"25-de-marzo-2022-dia-nino-por-nacer","status":"publish","type":"post","link":"https:\/\/www.obispadorqta.org.ar\/v3\/25-de-marzo-2022-dia-nino-por-nacer\/","title":{"rendered":"25 de marzo 2022, D\u00eda Ni\u00f1o por Nacer"},"content":{"rendered":"<p style=\"text-align: justify;\">En el marco de los \u00ab40 d\u00edas por la vida\u00bb este Viernes 25 de marzo, D\u00eda de la Vida por nacer, se llevar\u00e1 a cabo una Jornada de oraci\u00f3n ecum\u00e9nica.<\/p>\n<p style=\"text-align: justify;\">La misma comienza a las 07 hs., y culmina a las 19 hs., en la vereda del Hospital Central de Reconquista.<\/p>\n<p style=\"text-align: justify;\">A las 13:30hs Monse\u00f1or \u00c1ngel Jos\u00e9 Mac\u00edn, Obispo Diocesano y la Sra. Liliana Caramutti, Pastora de la \u201cIglesia de la ciudad\u201d, realizar\u00e1n una bendici\u00f3n para todas las embarazadas y los ni\u00f1os ya nacidos de la Neonatolog\u00eda y Maternidad.<\/p>\n<p style=\"text-align: justify;\">Acompa\u00f1amos y alentamos estas celebraciones que nos ayudan a cuidar toda Vida como don sagrado:\u201d recordando as\u00ed el derecho inalienable que tiene todo ser humano a nacer\u201d.<\/p>\n\n\n<figure class=\"wp-block-image size-large\"><img loading=\"lazy\" decoding=\"async\" width=\"642\" height=\"1024\" src=\"https:\/\/www.obispadorqta.org.ar\/v3\/wp-content\/uploads\/2022\/03\/png_20220319_174154_0000-642x1024.png\" alt=\"\" class=\"wp-image-7340\" srcset=\"https:\/\/www.obispadorqta.org.ar\/v3\/wp-content\/uploads\/2022\/03\/png_20220319_174154_0000-642x1024.png 642w, https:\/\/www.obispadorqta.org.ar\/v3\/wp-content\/uploads\/2022\/03\/png_20220319_174154_0000-188x300.png 188w, https:\/\/www.obispadorqta.org.ar\/v3\/wp-content\/uploads\/2022\/03\/png_20220319_174154_0000-768x1226.png 768w, https:\/\/www.obispadorqta.org.ar\/v3\/wp-content\/uploads\/2022\/03\/png_20220319_174154_0000-963x1536.png 963w, https:\/\/www.obispadorqta.org.ar\/v3\/wp-content\/uploads\/2022\/03\/png_20220319_174154_0000-1283x2048.png 1283w, https:\/\/www.obispadorqta.org.ar\/v3\/wp-content\/uploads\/2022\/03\/png_20220319_174154_0000.png 1410w\" sizes=\"auto, (max-width: 642px) 100vw, 642px\" \/><\/figure>\n","protected":false},"excerpt":{"rendered":"<div class=\"mh-excerpt\"><p>En el marco de los \u00ab40 d\u00edas por la vida\u00bb este Viernes 25 de marzo, D\u00eda de la Vida por nacer, se llevar\u00e1 a cabo <a class=\"mh-excerpt-more\" href=\"https:\/\/www.obispadorqta.org.ar\/v3\/25-de-marzo-2022-dia-nino-por-nacer\/\" title=\"25 de marzo 2022, D\u00eda Ni\u00f1o por Nacer\">[&#8230;]<\/a><\/p>\n<\/div>","protected":false},"author":2,"featured_media":7342,"comment_status":"closed","ping_status":"open","sticky":false,"template":"","format":"standard","meta":{"footnotes":""},"categories":[6,28],"tags":[],"class_list":["post-7339","post","type-post","status-publish","format-standard","has-post-thumbnail","hentry","category-news","category-latest-news"],"_links":{"self":[{"href":"https:\/\/www.obispadorqta.org.ar\/v3\/wp-json\/wp\/v2\/posts\/7339","targetHints":{"allow":["GET"]}}],"collection":[{"href":"https:\/\/www.obispadorqta.org.ar\/v3\/wp-json\/wp\/v2\/posts"}],"about":[{"href":"https:\/\/www.obispadorqta.org.ar\/v3\/wp-json\/wp\/v2\/types\/post"}],"author":[{"embeddable":true,"href":"https:\/\/www.obispadorqta.org.ar\/v3\/wp-json\/wp\/v2\/users\/2"}],"replies":[{"embeddable":true,"href":"https:\/\/www.obispadorqta.org.ar\/v3\/wp-json\/wp\/v2\/comments?post=7339"}],"version-history":[{"count":3,"href":"https:\/\/www.obispadorqta.org.ar\/v3\/wp-json\/wp\/v2\/posts\/7339\/revisions"}],"predecessor-version":[{"id":7344,"href":"https:\/\/www.obispadorqta.org.ar\/v3\/wp-json\/wp\/v2\/posts\/7339\/revisions\/7344"}],"wp:featuredmedia":[{"embeddable":true,"href":"https:\/\/www.obispadorqta.org.ar\/v3\/wp-json\/wp\/v2\/media\/7342"}],"wp:attachment":[{"href":"https:\/\/www.obispadorqta.org.ar\/v3\/wp-json\/wp\/v2\/media?parent=7339"}],"wp:term":[{"taxonomy":"category","embeddable":true,"href":"https:\/\/www.obispadorqta.org.ar\/v3\/wp-json\/wp\/v2\/categories?post=7339"},{"taxonomy":"post_tag","embeddable":true,"href":"https:\/\/www.obispadorqta.org.ar\/v3\/wp-json\/wp\/v2\/tags?post=7339"}],"curies":[{"name":"wp","href":"https:\/\/api.w.org\/{rel}","templated":true}]}}