{"id":7345,"date":"2022-03-28T12:08:00","date_gmt":"2022-03-28T15:08:00","guid":{"rendered":"http:\/\/www.obispadorqta.org.ar\/v3\/?p=7345"},"modified":"2022-03-28T12:08:10","modified_gmt":"2022-03-28T15:08:10","slug":"oracion-ecumenica-en-el-hospital-de-reconquista","status":"publish","type":"post","link":"https:\/\/www.obispadorqta.org.ar\/v3\/oracion-ecumenica-en-el-hospital-de-reconquista\/","title":{"rendered":"ORACI\u00d3N ECUM\u00c9NICA EN EL HOSPITAL DE RECONQUISTA"},"content":{"rendered":"<p style=\"text-align: justify;\">Al celebrarse el 25 de marzo la solemnidad de La Encarnaci\u00f3n del Se\u00f1or, y\u00a0el D\u00eda del Ni\u00f1o por Nacer, la Pastora de la Iglesia de la Ciudad, Liliana Francese Caramutti y el Obispo Diocesano, Mons.\u00c1ngel Jos\u00e9 Mac\u00edn, compartieron con un grupo de fieles una visita y un momento de oraci\u00f3n a la sala de Neonatolog\u00eda del Hospital de Reconquista.<\/p>\n<p style=\"text-align: justify;\">\nEn su oraci\u00f3n, la Pastora Liliana, inspirada en algunos vers\u00edculos del Sal 138, describi\u00f3 la experiencia de la obra creadora de Dios del ser humano y su dignidad invaluable, mientras el obispo, recordando la presentaci\u00f3n de Jes\u00fas en el Templo, record\u00f3 que la vida es un don, confiado al ser humano para su cuidado.<\/p>\n<p style=\"text-align: justify;\"><img loading=\"lazy\" decoding=\"async\" class=\"aligncenter size-full wp-image-7350\" src=\"https:\/\/www.obispadorqta.org.ar\/v3\/wp-content\/uploads\/2022\/03\/20220325_133947-scaled.jpg\" alt=\"\" width=\"2560\" height=\"1213\" srcset=\"https:\/\/www.obispadorqta.org.ar\/v3\/wp-content\/uploads\/2022\/03\/20220325_133947-scaled.jpg 2560w, https:\/\/www.obispadorqta.org.ar\/v3\/wp-content\/uploads\/2022\/03\/20220325_133947-300x142.jpg 300w, https:\/\/www.obispadorqta.org.ar\/v3\/wp-content\/uploads\/2022\/03\/20220325_133947-1024x485.jpg 1024w, https:\/\/www.obispadorqta.org.ar\/v3\/wp-content\/uploads\/2022\/03\/20220325_133947-768x364.jpg 768w, https:\/\/www.obispadorqta.org.ar\/v3\/wp-content\/uploads\/2022\/03\/20220325_133947-1536x728.jpg 1536w, https:\/\/www.obispadorqta.org.ar\/v3\/wp-content\/uploads\/2022\/03\/20220325_133947-2048x970.jpg 2048w\" sizes=\"auto, (max-width: 2560px) 100vw, 2560px\" \/><br \/>\nDespu\u00e9s recorrieron las distintas dependencias, saludando a las familias de los peque\u00f1os internados, a las madres que estaban esperando dar a luz y entregando obsequios para agradecerles su clara opci\u00f3n por la vida.<\/p>\n<p style=\"text-align: justify;\">\nSe vivi\u00f3 un momento de mucha unci\u00f3n, gracias tambi\u00e9n al personal del Hospital, que acompa\u00f1\u00f3 con gran cordialidad este momento. Quienes participaron del evento, afianzaron su convicci\u00f3n de seguir defendiendo la vida en todas sus manifestaciones.<\/p>\n<p><img loading=\"lazy\" decoding=\"async\" class=\"aligncenter size-full wp-image-7351\" src=\"https:\/\/www.obispadorqta.org.ar\/v3\/wp-content\/uploads\/2022\/03\/20220325_134221-scaled.jpg\" alt=\"\" width=\"1213\" height=\"2560\" srcset=\"https:\/\/www.obispadorqta.org.ar\/v3\/wp-content\/uploads\/2022\/03\/20220325_134221-scaled.jpg 1213w, https:\/\/www.obispadorqta.org.ar\/v3\/wp-content\/uploads\/2022\/03\/20220325_134221-142x300.jpg 142w, https:\/\/www.obispadorqta.org.ar\/v3\/wp-content\/uploads\/2022\/03\/20220325_134221-485x1024.jpg 485w, https:\/\/www.obispadorqta.org.ar\/v3\/wp-content\/uploads\/2022\/03\/20220325_134221-768x1621.jpg 768w, https:\/\/www.obispadorqta.org.ar\/v3\/wp-content\/uploads\/2022\/03\/20220325_134221-728x1536.jpg 728w, https:\/\/www.obispadorqta.org.ar\/v3\/wp-content\/uploads\/2022\/03\/20220325_134221-970x2048.jpg 970w\" sizes=\"auto, (max-width: 1213px) 100vw, 1213px\" \/><\/p>\n","protected":false},"excerpt":{"rendered":"<div class=\"mh-excerpt\"><p>Al celebrarse el 25 de marzo la solemnidad de La Encarnaci\u00f3n del Se\u00f1or, y\u00a0el D\u00eda del Ni\u00f1o por Nacer, la Pastora de la Iglesia de <a class=\"mh-excerpt-more\" href=\"https:\/\/www.obispadorqta.org.ar\/v3\/oracion-ecumenica-en-el-hospital-de-reconquista\/\" title=\"ORACI\u00d3N ECUM\u00c9NICA EN EL HOSPITAL DE RECONQUISTA\">[&#8230;]<\/a><\/p>\n<\/div>","protected":false},"author":2,"featured_media":7349,"comment_status":"closed","ping_status":"open","sticky":false,"template":"","format":"standard","meta":{"footnotes":""},"categories":[6,28],"tags":[],"class_list":["post-7345","post","type-post","status-publish","format-standard","has-post-thumbnail","hentry","category-news","category-latest-news"],"_links":{"self":[{"href":"https:\/\/www.obispadorqta.org.ar\/v3\/wp-json\/wp\/v2\/posts\/7345","targetHints":{"allow":["GET"]}}],"collection":[{"href":"https:\/\/www.obispadorqta.org.ar\/v3\/wp-json\/wp\/v2\/posts"}],"about":[{"href":"https:\/\/www.obispadorqta.org.ar\/v3\/wp-json\/wp\/v2\/types\/post"}],"author":[{"embeddable":true,"href":"https:\/\/www.obispadorqta.org.ar\/v3\/wp-json\/wp\/v2\/users\/2"}],"replies":[{"embeddable":true,"href":"https:\/\/www.obispadorqta.org.ar\/v3\/wp-json\/wp\/v2\/comments?post=7345"}],"version-history":[{"count":2,"href":"https:\/\/www.obispadorqta.org.ar\/v3\/wp-json\/wp\/v2\/posts\/7345\/revisions"}],"predecessor-version":[{"id":7352,"href":"https:\/\/www.obispadorqta.org.ar\/v3\/wp-json\/wp\/v2\/posts\/7345\/revisions\/7352"}],"wp:featuredmedia":[{"embeddable":true,"href":"https:\/\/www.obispadorqta.org.ar\/v3\/wp-json\/wp\/v2\/media\/7349"}],"wp:attachment":[{"href":"https:\/\/www.obispadorqta.org.ar\/v3\/wp-json\/wp\/v2\/media?parent=7345"}],"wp:term":[{"taxonomy":"category","embeddable":true,"href":"https:\/\/www.obispadorqta.org.ar\/v3\/wp-json\/wp\/v2\/categories?post=7345"},{"taxonomy":"post_tag","embeddable":true,"href":"https:\/\/www.obispadorqta.org.ar\/v3\/wp-json\/wp\/v2\/tags?post=7345"}],"curies":[{"name":"wp","href":"https:\/\/api.w.org\/{rel}","templated":true}]}}