{"id":7353,"date":"2022-03-29T09:36:49","date_gmt":"2022-03-29T12:36:49","guid":{"rendered":"http:\/\/www.obispadorqta.org.ar\/v3\/?p=7353"},"modified":"2022-03-29T09:40:08","modified_gmt":"2022-03-29T12:40:08","slug":"ministerio-del-lectorado-4","status":"publish","type":"post","link":"https:\/\/www.obispadorqta.org.ar\/v3\/ministerio-del-lectorado-4\/","title":{"rendered":"MINISTERIO DEL LECTORADO"},"content":{"rendered":"<p style=\"text-align: justify;\"><span style=\"color: #000000;\">Con alegr\u00eda comunicamos que el d\u00eda viernes 01 de abril, a las 18 hs., en el Costurero de Barrio Guadalupe (Calle 68 y 47), el Obispo Diocesano, Mons. \u00c1ngel Jos\u00e9 Mac\u00edn, presidir\u00e1 la Eucarist\u00eda en la que ser\u00e1 instituido Lector, en su camino al diaconado permanente, el Sr. V\u00edctor Hugo Gonz\u00e1lez.<\/span><\/p>\n<p style=\"text-align: justify;\"><span style=\"color: #000000;\">Invitamos a acompa\u00f1arlo con nuestra oraci\u00f3n y nuestra presencia y seguir rezando por el crecimiento de las vocaciones de servicio en nuestra Iglesia Particular.<\/span><\/p>\n<p><img loading=\"lazy\" decoding=\"async\" class=\"aligncenter  wp-image-7354\" src=\"https:\/\/www.obispadorqta.org.ar\/v3\/wp-content\/uploads\/2022\/03\/IMG-20220327-WA0000.jpg\" alt=\"\" width=\"358\" height=\"751\" srcset=\"https:\/\/www.obispadorqta.org.ar\/v3\/wp-content\/uploads\/2022\/03\/IMG-20220327-WA0000.jpg 610w, https:\/\/www.obispadorqta.org.ar\/v3\/wp-content\/uploads\/2022\/03\/IMG-20220327-WA0000-143x300.jpg 143w, https:\/\/www.obispadorqta.org.ar\/v3\/wp-content\/uploads\/2022\/03\/IMG-20220327-WA0000-488x1024.jpg 488w\" sizes=\"auto, (max-width: 358px) 100vw, 358px\" \/><\/p>\n","protected":false},"excerpt":{"rendered":"<div class=\"mh-excerpt\"><p>Con alegr\u00eda comunicamos que el d\u00eda viernes 01 de abril, a las 18 hs., en el Costurero de Barrio Guadalupe (Calle 68 y 47), el <a class=\"mh-excerpt-more\" href=\"https:\/\/www.obispadorqta.org.ar\/v3\/ministerio-del-lectorado-4\/\" title=\"MINISTERIO DEL LECTORADO\">[&#8230;]<\/a><\/p>\n<\/div>","protected":false},"author":3,"featured_media":7136,"comment_status":"closed","ping_status":"open","sticky":false,"template":"","format":"standard","meta":{"footnotes":""},"categories":[6,28],"tags":[],"class_list":["post-7353","post","type-post","status-publish","format-standard","has-post-thumbnail","hentry","category-news","category-latest-news"],"_links":{"self":[{"href":"https:\/\/www.obispadorqta.org.ar\/v3\/wp-json\/wp\/v2\/posts\/7353","targetHints":{"allow":["GET"]}}],"collection":[{"href":"https:\/\/www.obispadorqta.org.ar\/v3\/wp-json\/wp\/v2\/posts"}],"about":[{"href":"https:\/\/www.obispadorqta.org.ar\/v3\/wp-json\/wp\/v2\/types\/post"}],"author":[{"embeddable":true,"href":"https:\/\/www.obispadorqta.org.ar\/v3\/wp-json\/wp\/v2\/users\/3"}],"replies":[{"embeddable":true,"href":"https:\/\/www.obispadorqta.org.ar\/v3\/wp-json\/wp\/v2\/comments?post=7353"}],"version-history":[{"count":2,"href":"https:\/\/www.obispadorqta.org.ar\/v3\/wp-json\/wp\/v2\/posts\/7353\/revisions"}],"predecessor-version":[{"id":7356,"href":"https:\/\/www.obispadorqta.org.ar\/v3\/wp-json\/wp\/v2\/posts\/7353\/revisions\/7356"}],"wp:featuredmedia":[{"embeddable":true,"href":"https:\/\/www.obispadorqta.org.ar\/v3\/wp-json\/wp\/v2\/media\/7136"}],"wp:attachment":[{"href":"https:\/\/www.obispadorqta.org.ar\/v3\/wp-json\/wp\/v2\/media?parent=7353"}],"wp:term":[{"taxonomy":"category","embeddable":true,"href":"https:\/\/www.obispadorqta.org.ar\/v3\/wp-json\/wp\/v2\/categories?post=7353"},{"taxonomy":"post_tag","embeddable":true,"href":"https:\/\/www.obispadorqta.org.ar\/v3\/wp-json\/wp\/v2\/tags?post=7353"}],"curies":[{"name":"wp","href":"https:\/\/api.w.org\/{rel}","templated":true}]}}