{"id":7371,"date":"2022-04-08T08:16:42","date_gmt":"2022-04-08T11:16:42","guid":{"rendered":"http:\/\/www.obispadorqta.org.ar\/v3\/?p=7371"},"modified":"2022-04-08T08:28:26","modified_gmt":"2022-04-08T11:28:26","slug":"primer-aniversario-de-la-pascua-del-p-aldo-martini","status":"publish","type":"post","link":"https:\/\/www.obispadorqta.org.ar\/v3\/primer-aniversario-de-la-pascua-del-p-aldo-martini\/","title":{"rendered":"PRIMER ANIVERSARIO DE LA PASCUA DEL P. ALDO MARTINI"},"content":{"rendered":"<p style=\"text-align: justify;\"><span style=\"color: #000000;\">El pr\u00f3ximo 10 de abril, Domingo de Ramos, recordamos la partida del P. Aldo Martini, un querido sacerdote de nuestra di\u00f3cesis. <\/span><span style=\"color: #000000;\">Se lo tendr\u00e1 presente en la Misa de Ramos de la Iglesia Catedral. <\/span><\/p>\n<p style=\"text-align: justify;\"><span style=\"color: #000000;\">Tambi\u00e9n el Obispo Diocesano, Mons. \u00c1ngel Jos\u00e9 Mac\u00edn, presidir\u00e1 la Misa de Ramos en la Parroquia San Roque de Margarita, a las 9.30 hs., de la cual el P. Aldo fuera p\u00e1rroco durante varios a\u00f1os y de la cual fue nombrado \u00abP\u00e1rroco Em\u00e9rito\u00bb.<\/span><\/p>\n","protected":false},"excerpt":{"rendered":"<div class=\"mh-excerpt\"><p>El pr\u00f3ximo 10 de abril, Domingo de Ramos, recordamos la partida del P. Aldo Martini, un querido sacerdote de nuestra di\u00f3cesis. Se lo tendr\u00e1 presente <a class=\"mh-excerpt-more\" href=\"https:\/\/www.obispadorqta.org.ar\/v3\/primer-aniversario-de-la-pascua-del-p-aldo-martini\/\" title=\"PRIMER ANIVERSARIO DE LA PASCUA DEL P. ALDO MARTINI\">[&#8230;]<\/a><\/p>\n<\/div>","protected":false},"author":3,"featured_media":6289,"comment_status":"closed","ping_status":"open","sticky":false,"template":"","format":"standard","meta":{"footnotes":""},"categories":[6,28],"tags":[],"class_list":["post-7371","post","type-post","status-publish","format-standard","has-post-thumbnail","hentry","category-news","category-latest-news"],"_links":{"self":[{"href":"https:\/\/www.obispadorqta.org.ar\/v3\/wp-json\/wp\/v2\/posts\/7371","targetHints":{"allow":["GET"]}}],"collection":[{"href":"https:\/\/www.obispadorqta.org.ar\/v3\/wp-json\/wp\/v2\/posts"}],"about":[{"href":"https:\/\/www.obispadorqta.org.ar\/v3\/wp-json\/wp\/v2\/types\/post"}],"author":[{"embeddable":true,"href":"https:\/\/www.obispadorqta.org.ar\/v3\/wp-json\/wp\/v2\/users\/3"}],"replies":[{"embeddable":true,"href":"https:\/\/www.obispadorqta.org.ar\/v3\/wp-json\/wp\/v2\/comments?post=7371"}],"version-history":[{"count":1,"href":"https:\/\/www.obispadorqta.org.ar\/v3\/wp-json\/wp\/v2\/posts\/7371\/revisions"}],"predecessor-version":[{"id":7372,"href":"https:\/\/www.obispadorqta.org.ar\/v3\/wp-json\/wp\/v2\/posts\/7371\/revisions\/7372"}],"wp:featuredmedia":[{"embeddable":true,"href":"https:\/\/www.obispadorqta.org.ar\/v3\/wp-json\/wp\/v2\/media\/6289"}],"wp:attachment":[{"href":"https:\/\/www.obispadorqta.org.ar\/v3\/wp-json\/wp\/v2\/media?parent=7371"}],"wp:term":[{"taxonomy":"category","embeddable":true,"href":"https:\/\/www.obispadorqta.org.ar\/v3\/wp-json\/wp\/v2\/categories?post=7371"},{"taxonomy":"post_tag","embeddable":true,"href":"https:\/\/www.obispadorqta.org.ar\/v3\/wp-json\/wp\/v2\/tags?post=7371"}],"curies":[{"name":"wp","href":"https:\/\/api.w.org\/{rel}","templated":true}]}}