{"id":7374,"date":"2022-04-08T08:27:42","date_gmt":"2022-04-08T11:27:42","guid":{"rendered":"http:\/\/www.obispadorqta.org.ar\/v3\/?p=7374"},"modified":"2022-04-08T08:28:21","modified_gmt":"2022-04-08T11:28:21","slug":"inicio-de-semana-santa","status":"publish","type":"post","link":"https:\/\/www.obispadorqta.org.ar\/v3\/inicio-de-semana-santa\/","title":{"rendered":"INICIO DE SEMANA SANTA"},"content":{"rendered":"<p style=\"text-align: justify;\">Estamos en los umbrales de la Semana Santa, central en el caminar de la Iglesia y de los cristianos. En ella, renovamos el misterio fundamental de nuestra fe, la muerte y resurrecci\u00f3n de Jesucristo.<\/p>\n<p style=\"text-align: justify;\">En nuestra di\u00f3cesis son habituales las celebraciones penitenciales, con confesi\u00f3n sacramental, para recibir la gracia del perd\u00f3n que brota del costado abierto de Cristo. Este a\u00f1o se han organizado de tal forma que nadie quede sin esta gracia.<\/p>\n<p style=\"text-align: justify;\">Tambi\u00e9n tendremos la oportunidad de ahondar en este misterio de diversas formas: participando de las celebraciones en nuestras parroquias y capillas, rezando el v\u00eda crucis, el rosario o alguna otra oraci\u00f3n, haciendo ayuno y penitencia, leyendo con atenci\u00f3n la Palabra de Dios&#8230;<\/p>\n<p style=\"text-align: justify;\">Tal vez, algunos decidimos viajar para visitar familiares o descansar un poco. M\u00e1s en estos tiempos, es algo leg\u00edtimo. Pero si somos creyentes, no tomemos la semana santa como un tiempo de vacaciones. Que en todo caso nuestro descanso y compartir en familia tenga en el centro la Resurrecci\u00f3n del Se\u00f1or.<\/p>\n","protected":false},"excerpt":{"rendered":"<div class=\"mh-excerpt\"><p>Estamos en los umbrales de la Semana Santa, central en el caminar de la Iglesia y de los cristianos. En ella, renovamos el misterio fundamental <a class=\"mh-excerpt-more\" href=\"https:\/\/www.obispadorqta.org.ar\/v3\/inicio-de-semana-santa\/\" title=\"INICIO DE SEMANA SANTA\">[&#8230;]<\/a><\/p>\n<\/div>","protected":false},"author":3,"featured_media":7375,"comment_status":"closed","ping_status":"open","sticky":false,"template":"","format":"standard","meta":{"footnotes":""},"categories":[6,28],"tags":[],"class_list":["post-7374","post","type-post","status-publish","format-standard","has-post-thumbnail","hentry","category-news","category-latest-news"],"_links":{"self":[{"href":"https:\/\/www.obispadorqta.org.ar\/v3\/wp-json\/wp\/v2\/posts\/7374","targetHints":{"allow":["GET"]}}],"collection":[{"href":"https:\/\/www.obispadorqta.org.ar\/v3\/wp-json\/wp\/v2\/posts"}],"about":[{"href":"https:\/\/www.obispadorqta.org.ar\/v3\/wp-json\/wp\/v2\/types\/post"}],"author":[{"embeddable":true,"href":"https:\/\/www.obispadorqta.org.ar\/v3\/wp-json\/wp\/v2\/users\/3"}],"replies":[{"embeddable":true,"href":"https:\/\/www.obispadorqta.org.ar\/v3\/wp-json\/wp\/v2\/comments?post=7374"}],"version-history":[{"count":1,"href":"https:\/\/www.obispadorqta.org.ar\/v3\/wp-json\/wp\/v2\/posts\/7374\/revisions"}],"predecessor-version":[{"id":7376,"href":"https:\/\/www.obispadorqta.org.ar\/v3\/wp-json\/wp\/v2\/posts\/7374\/revisions\/7376"}],"wp:featuredmedia":[{"embeddable":true,"href":"https:\/\/www.obispadorqta.org.ar\/v3\/wp-json\/wp\/v2\/media\/7375"}],"wp:attachment":[{"href":"https:\/\/www.obispadorqta.org.ar\/v3\/wp-json\/wp\/v2\/media?parent=7374"}],"wp:term":[{"taxonomy":"category","embeddable":true,"href":"https:\/\/www.obispadorqta.org.ar\/v3\/wp-json\/wp\/v2\/categories?post=7374"},{"taxonomy":"post_tag","embeddable":true,"href":"https:\/\/www.obispadorqta.org.ar\/v3\/wp-json\/wp\/v2\/tags?post=7374"}],"curies":[{"name":"wp","href":"https:\/\/api.w.org\/{rel}","templated":true}]}}