{"id":7379,"date":"2022-04-11T12:02:38","date_gmt":"2022-04-11T15:02:38","guid":{"rendered":"http:\/\/www.obispadorqta.org.ar\/v3\/?p=7379"},"modified":"2022-04-11T12:02:49","modified_gmt":"2022-04-11T15:02:49","slug":"convenio-barrio-ombusal","status":"publish","type":"post","link":"https:\/\/www.obispadorqta.org.ar\/v3\/convenio-barrio-ombusal\/","title":{"rendered":"CONVENIO BARRIO OMBUSAL"},"content":{"rendered":"<p style=\"text-align: justify;\">El Municipio de la Ciudad y el Obispado de Reconquista firmar\u00e1n ma\u00f1ana, martes 12 de abril de 2022, a las 10 hs., un convenio por el cual la Municipalidad cede en comodato un sal\u00f3n en Barrio Ombusal, para que la Pastoral de Adicciones de Reconquista pueda abrir un centro de contenci\u00f3n para familias con problemas de adicciones en alguno de sus miembros.<\/p>\n<p style=\"text-align: justify;\">El acto, que tendr\u00e1 lugar en la sede municipal, forma parte de un trabajo coordinado que se viene desarrollando para combatir el flagelo de las adicciones.<\/p>\n<p style=\"text-align: justify;\">Desde el obispado celebramos esta nueva iniciativa conjunta, e invitamos a la oraci\u00f3n por todos los que padecen esta problem\u00e1tica.<\/p>\n","protected":false},"excerpt":{"rendered":"<div class=\"mh-excerpt\"><p>El Municipio de la Ciudad y el Obispado de Reconquista firmar\u00e1n ma\u00f1ana, martes 12 de abril de 2022, a las 10 hs., un convenio por <a class=\"mh-excerpt-more\" href=\"https:\/\/www.obispadorqta.org.ar\/v3\/convenio-barrio-ombusal\/\" title=\"CONVENIO BARRIO OMBUSAL\">[&#8230;]<\/a><\/p>\n<\/div>","protected":false},"author":2,"featured_media":7386,"comment_status":"closed","ping_status":"open","sticky":false,"template":"","format":"standard","meta":{"footnotes":""},"categories":[6,28],"tags":[],"class_list":["post-7379","post","type-post","status-publish","format-standard","has-post-thumbnail","hentry","category-news","category-latest-news"],"_links":{"self":[{"href":"https:\/\/www.obispadorqta.org.ar\/v3\/wp-json\/wp\/v2\/posts\/7379","targetHints":{"allow":["GET"]}}],"collection":[{"href":"https:\/\/www.obispadorqta.org.ar\/v3\/wp-json\/wp\/v2\/posts"}],"about":[{"href":"https:\/\/www.obispadorqta.org.ar\/v3\/wp-json\/wp\/v2\/types\/post"}],"author":[{"embeddable":true,"href":"https:\/\/www.obispadorqta.org.ar\/v3\/wp-json\/wp\/v2\/users\/2"}],"replies":[{"embeddable":true,"href":"https:\/\/www.obispadorqta.org.ar\/v3\/wp-json\/wp\/v2\/comments?post=7379"}],"version-history":[{"count":1,"href":"https:\/\/www.obispadorqta.org.ar\/v3\/wp-json\/wp\/v2\/posts\/7379\/revisions"}],"predecessor-version":[{"id":7387,"href":"https:\/\/www.obispadorqta.org.ar\/v3\/wp-json\/wp\/v2\/posts\/7379\/revisions\/7387"}],"wp:featuredmedia":[{"embeddable":true,"href":"https:\/\/www.obispadorqta.org.ar\/v3\/wp-json\/wp\/v2\/media\/7386"}],"wp:attachment":[{"href":"https:\/\/www.obispadorqta.org.ar\/v3\/wp-json\/wp\/v2\/media?parent=7379"}],"wp:term":[{"taxonomy":"category","embeddable":true,"href":"https:\/\/www.obispadorqta.org.ar\/v3\/wp-json\/wp\/v2\/categories?post=7379"},{"taxonomy":"post_tag","embeddable":true,"href":"https:\/\/www.obispadorqta.org.ar\/v3\/wp-json\/wp\/v2\/tags?post=7379"}],"curies":[{"name":"wp","href":"https:\/\/api.w.org\/{rel}","templated":true}]}}