{"id":7391,"date":"2022-04-13T10:02:01","date_gmt":"2022-04-13T13:02:01","guid":{"rendered":"http:\/\/www.obispadorqta.org.ar\/v3\/?p=7391"},"modified":"2022-04-13T10:04:22","modified_gmt":"2022-04-13T13:04:22","slug":"colecta-para-tierra-santa","status":"publish","type":"post","link":"https:\/\/www.obispadorqta.org.ar\/v3\/colecta-para-tierra-santa\/","title":{"rendered":"Colecta Tierra Santa"},"content":{"rendered":"<p style=\"text-align: justify;\"><span style=\"color: #000000;\">La <strong>Colecta pro Terra Santa<\/strong> que se realiza cada a\u00f1o el Viernes Santo puede ser un gesto de cercan\u00eda y de consuelo para los cristianos que viven en esos lugares. Este es el mensaje central de la Carta emitida por el Dicasterio de las Congregaci\u00f3n para las Iglesias Orientales.<\/span><\/p>\n<p style=\"text-align: justify;\"><span style=\"color: #000000;\">El Vaticano llama a volcarse con los cristianos de Tierra Santa en la colecta del <strong>viernes 15 de abril.<\/strong> \u201cLa Colecta pro Tierra Santa 2022\u201d, es el momento en el que todos los cat\u00f3licos se hacen copart\u00edcipes del mantenimiento de los Santos Lugares.<\/span><\/p>\n<p style=\"text-align: justify;\"><span style=\"color: #000000;\">El cardenal Leonardo Sandri, Prefecto de la Congregaci\u00f3n para las Iglesias Orientales, en su carta enviada a las Iglesias locales de todo el mundo con motivo de la pr\u00f3xima Colecta para Tierra Santa, evidencia el \u201cEl gesto de la oferta, aun peque\u00f1a, pero realizada por todos, como \u00f3bolo de la viuda, permite que nuestros hermanos y hermanas puedan seguir viviendo y esperando, y puedan tambi\u00e9n seguir ofreciendo un testimonio vivo del Verbo hecho carne en los Lugares y por las calles que vivieron su presencia\u201d.<\/span><\/p>\n<p style=\"text-align: justify;\"><span style=\"color: #000000;\">Tambi\u00e9n manifest\u00f3 que esta colecta responde al \u201cexpreso deseo de los romanos pont\u00edfices\u201d y adem\u00e1s \u201cno se trata de una realidad vieja y superada, sino que en ella se expresa el reconocimiento, ante todo, de nuestras ra\u00edces, que se encuentran en el anuncio de la redenci\u00f3n, el cual se difundi\u00f3 desde Jerusal\u00e9n y ha llegado hasta todos nosotros\u201d.<\/span><\/p>\n","protected":false},"excerpt":{"rendered":"<div class=\"mh-excerpt\"><p>La Colecta pro Terra Santa que se realiza cada a\u00f1o el Viernes Santo puede ser un gesto de cercan\u00eda y de consuelo para los cristianos <a class=\"mh-excerpt-more\" href=\"https:\/\/www.obispadorqta.org.ar\/v3\/colecta-para-tierra-santa\/\" title=\"Colecta Tierra Santa\">[&#8230;]<\/a><\/p>\n<\/div>","protected":false},"author":3,"featured_media":7392,"comment_status":"closed","ping_status":"open","sticky":false,"template":"","format":"standard","meta":{"footnotes":""},"categories":[6,28],"tags":[],"class_list":["post-7391","post","type-post","status-publish","format-standard","has-post-thumbnail","hentry","category-news","category-latest-news"],"_links":{"self":[{"href":"https:\/\/www.obispadorqta.org.ar\/v3\/wp-json\/wp\/v2\/posts\/7391","targetHints":{"allow":["GET"]}}],"collection":[{"href":"https:\/\/www.obispadorqta.org.ar\/v3\/wp-json\/wp\/v2\/posts"}],"about":[{"href":"https:\/\/www.obispadorqta.org.ar\/v3\/wp-json\/wp\/v2\/types\/post"}],"author":[{"embeddable":true,"href":"https:\/\/www.obispadorqta.org.ar\/v3\/wp-json\/wp\/v2\/users\/3"}],"replies":[{"embeddable":true,"href":"https:\/\/www.obispadorqta.org.ar\/v3\/wp-json\/wp\/v2\/comments?post=7391"}],"version-history":[{"count":3,"href":"https:\/\/www.obispadorqta.org.ar\/v3\/wp-json\/wp\/v2\/posts\/7391\/revisions"}],"predecessor-version":[{"id":7397,"href":"https:\/\/www.obispadorqta.org.ar\/v3\/wp-json\/wp\/v2\/posts\/7391\/revisions\/7397"}],"wp:featuredmedia":[{"embeddable":true,"href":"https:\/\/www.obispadorqta.org.ar\/v3\/wp-json\/wp\/v2\/media\/7392"}],"wp:attachment":[{"href":"https:\/\/www.obispadorqta.org.ar\/v3\/wp-json\/wp\/v2\/media?parent=7391"}],"wp:term":[{"taxonomy":"category","embeddable":true,"href":"https:\/\/www.obispadorqta.org.ar\/v3\/wp-json\/wp\/v2\/categories?post=7391"},{"taxonomy":"post_tag","embeddable":true,"href":"https:\/\/www.obispadorqta.org.ar\/v3\/wp-json\/wp\/v2\/tags?post=7391"}],"curies":[{"name":"wp","href":"https:\/\/api.w.org\/{rel}","templated":true}]}}