{"id":7394,"date":"2022-04-16T06:00:00","date_gmt":"2022-04-16T09:00:00","guid":{"rendered":"http:\/\/www.obispadorqta.org.ar\/v3\/?p=7394"},"modified":"2022-04-14T10:40:46","modified_gmt":"2022-04-14T13:40:46","slug":"feliz-pascua","status":"publish","type":"post","link":"https:\/\/www.obispadorqta.org.ar\/v3\/feliz-pascua\/","title":{"rendered":"SALUDO PASCUAL"},"content":{"rendered":"<p>Compartimos, adem\u00e1s, un video de nuestro obispo, Mons. \u00c1ngel Jos\u00e9 Mac\u00edn, con el mensaje pascual y algunas indicaciones lit\u00fargicas para los pr\u00f3ximos tiempos.<\/p>\n<p style=\"text-align: right;\">\u00a0<\/p>\n\n\n<figure class=\"wp-block-video\"><video height=\"240\" style=\"aspect-ratio: 426 \/ 240;\" width=\"426\" controls src=\"https:\/\/www.obispadorqta.org.ar\/v3\/wp-content\/uploads\/2022\/04\/Mi-pel\u00edcula.mp4\"><\/video><\/figure>\n","protected":false},"excerpt":{"rendered":"<div class=\"mh-excerpt\"><p>Compartimos, adem\u00e1s, un video de nuestro obispo, Mons. \u00c1ngel Jos\u00e9 Mac\u00edn, con el mensaje pascual y algunas indicaciones lit\u00fargicas para los pr\u00f3ximos tiempos. \u00a0<\/p>\n<\/div>","protected":false},"author":2,"featured_media":7433,"comment_status":"open","ping_status":"open","sticky":false,"template":"","format":"standard","meta":{"footnotes":""},"categories":[6,28],"tags":[],"class_list":["post-7394","post","type-post","status-publish","format-standard","has-post-thumbnail","hentry","category-news","category-latest-news"],"_links":{"self":[{"href":"https:\/\/www.obispadorqta.org.ar\/v3\/wp-json\/wp\/v2\/posts\/7394","targetHints":{"allow":["GET"]}}],"collection":[{"href":"https:\/\/www.obispadorqta.org.ar\/v3\/wp-json\/wp\/v2\/posts"}],"about":[{"href":"https:\/\/www.obispadorqta.org.ar\/v3\/wp-json\/wp\/v2\/types\/post"}],"author":[{"embeddable":true,"href":"https:\/\/www.obispadorqta.org.ar\/v3\/wp-json\/wp\/v2\/users\/2"}],"replies":[{"embeddable":true,"href":"https:\/\/www.obispadorqta.org.ar\/v3\/wp-json\/wp\/v2\/comments?post=7394"}],"version-history":[{"count":10,"href":"https:\/\/www.obispadorqta.org.ar\/v3\/wp-json\/wp\/v2\/posts\/7394\/revisions"}],"predecessor-version":[{"id":7434,"href":"https:\/\/www.obispadorqta.org.ar\/v3\/wp-json\/wp\/v2\/posts\/7394\/revisions\/7434"}],"wp:featuredmedia":[{"embeddable":true,"href":"https:\/\/www.obispadorqta.org.ar\/v3\/wp-json\/wp\/v2\/media\/7433"}],"wp:attachment":[{"href":"https:\/\/www.obispadorqta.org.ar\/v3\/wp-json\/wp\/v2\/media?parent=7394"}],"wp:term":[{"taxonomy":"category","embeddable":true,"href":"https:\/\/www.obispadorqta.org.ar\/v3\/wp-json\/wp\/v2\/categories?post=7394"},{"taxonomy":"post_tag","embeddable":true,"href":"https:\/\/www.obispadorqta.org.ar\/v3\/wp-json\/wp\/v2\/tags?post=7394"}],"curies":[{"name":"wp","href":"https:\/\/api.w.org\/{rel}","templated":true}]}}