{"id":7436,"date":"2022-04-18T12:04:37","date_gmt":"2022-04-18T15:04:37","guid":{"rendered":"http:\/\/www.obispadorqta.org.ar\/v3\/?p=7436"},"modified":"2022-04-20T11:36:10","modified_gmt":"2022-04-20T14:36:10","slug":"inicio-ciclo-lectivo-2022-instituto-de-teologia-y-pastoral","status":"publish","type":"post","link":"https:\/\/www.obispadorqta.org.ar\/v3\/inicio-ciclo-lectivo-2022-instituto-de-teologia-y-pastoral\/","title":{"rendered":"Inicio Ciclo Lectivo 2022 Instituto de Teolog\u00eda y Pastoral"},"content":{"rendered":"<p style=\"text-align: justify;\"><span style=\"color: #000000;\">Luego de dos a\u00f1os de receso provocados por la pandemia y otros motivos organizativos, el Instituto Juan Pablo II, dedicado a la Formaci\u00f3n Teol\u00f3gica y Pastoral para agentes evangelizadores y fieles interesados en profundizar su fe desde una perspectiva acad\u00e9mica, retomara sus actividades.<\/span><\/p>\n<p style=\"text-align: justify;\"><span style=\"color: #000000;\">La Misa de Inicio del a\u00f1o acad\u00e9mico ser\u00e1 este mi\u00e9rcoles 20 de abril a las 20 hs., presidida por el obispo, Mons. \u00c1ngel Jos\u00e9 Mac\u00edn en la SEDE DEL INSTITUTO DE TEOLOGIA JUAN PABLO II, \u2013Colegio San Jos\u00e9 Reconquista (Iturraspe 842)<\/span><\/p>\n<p style=\"text-align: justify;\"><span style=\"color: #000000;\">Luego se dictara la clase inaugural y se brindar\u00e1 la informaci\u00f3n correspondiente a la metodolog\u00eda del presente a\u00f1o.<\/span><\/p>\n","protected":false},"excerpt":{"rendered":"<div class=\"mh-excerpt\"><p>Luego de dos a\u00f1os de receso provocados por la pandemia y otros motivos organizativos, el Instituto Juan Pablo II, dedicado a la Formaci\u00f3n Teol\u00f3gica y <a class=\"mh-excerpt-more\" href=\"https:\/\/www.obispadorqta.org.ar\/v3\/inicio-ciclo-lectivo-2022-instituto-de-teologia-y-pastoral\/\" title=\"Inicio Ciclo Lectivo 2022 Instituto de Teolog\u00eda y Pastoral\">[&#8230;]<\/a><\/p>\n<\/div>","protected":false},"author":3,"featured_media":7234,"comment_status":"closed","ping_status":"open","sticky":false,"template":"","format":"standard","meta":{"footnotes":""},"categories":[6,28],"tags":[],"class_list":["post-7436","post","type-post","status-publish","format-standard","has-post-thumbnail","hentry","category-news","category-latest-news"],"_links":{"self":[{"href":"https:\/\/www.obispadorqta.org.ar\/v3\/wp-json\/wp\/v2\/posts\/7436","targetHints":{"allow":["GET"]}}],"collection":[{"href":"https:\/\/www.obispadorqta.org.ar\/v3\/wp-json\/wp\/v2\/posts"}],"about":[{"href":"https:\/\/www.obispadorqta.org.ar\/v3\/wp-json\/wp\/v2\/types\/post"}],"author":[{"embeddable":true,"href":"https:\/\/www.obispadorqta.org.ar\/v3\/wp-json\/wp\/v2\/users\/3"}],"replies":[{"embeddable":true,"href":"https:\/\/www.obispadorqta.org.ar\/v3\/wp-json\/wp\/v2\/comments?post=7436"}],"version-history":[{"count":5,"href":"https:\/\/www.obispadorqta.org.ar\/v3\/wp-json\/wp\/v2\/posts\/7436\/revisions"}],"predecessor-version":[{"id":7445,"href":"https:\/\/www.obispadorqta.org.ar\/v3\/wp-json\/wp\/v2\/posts\/7436\/revisions\/7445"}],"wp:featuredmedia":[{"embeddable":true,"href":"https:\/\/www.obispadorqta.org.ar\/v3\/wp-json\/wp\/v2\/media\/7234"}],"wp:attachment":[{"href":"https:\/\/www.obispadorqta.org.ar\/v3\/wp-json\/wp\/v2\/media?parent=7436"}],"wp:term":[{"taxonomy":"category","embeddable":true,"href":"https:\/\/www.obispadorqta.org.ar\/v3\/wp-json\/wp\/v2\/categories?post=7436"},{"taxonomy":"post_tag","embeddable":true,"href":"https:\/\/www.obispadorqta.org.ar\/v3\/wp-json\/wp\/v2\/tags?post=7436"}],"curies":[{"name":"wp","href":"https:\/\/api.w.org\/{rel}","templated":true}]}}