{"id":7440,"date":"2022-04-19T08:49:34","date_gmt":"2022-04-19T11:49:34","guid":{"rendered":"http:\/\/www.obispadorqta.org.ar\/v3\/?p=7440"},"modified":"2022-04-19T08:50:17","modified_gmt":"2022-04-19T11:50:17","slug":"semana-de-los-pueblos-indigenas-6","status":"publish","type":"post","link":"https:\/\/www.obispadorqta.org.ar\/v3\/semana-de-los-pueblos-indigenas-6\/","title":{"rendered":"SEMANA DE LOS PUEBLOS IND\u00cdGENAS"},"content":{"rendered":"<p style=\"text-align: center;\"><em><strong>\u201cBiodiversidad y Pueblos Ind\u00edgenas, vida para m\u00e1s vida\u201d<\/strong><\/em><\/p>\n<p style=\"text-align: justify;\"><span style=\"color: #000000;\">La Semana de los Pueblos Ind\u00edgenas busca difundir la realidad de los Pueblos Ind\u00edgenas y generar espacios de reflexi\u00f3n, tambi\u00e9n de divulgaci\u00f3n de sus derechos, propiciando que la sociedad los valore y respete y que el Estado argentino se reconozca como el pa\u00eds multi\u00e9tnico y pluricultural que, desde 1994, ordena la Constituci\u00f3n Nacional en su art\u00edculo 75, inciso 17. Es un tiempo que pretende brindar aportes para que los Pueblos Originarios tengan un lugar m\u00e1s activo en la construcci\u00f3n del presente, m\u00e1s relevancia y visibilidad, rompiendo con la discriminaci\u00f3n que hoy existe. Una oportunidad para difundir su riqueza cultural y sus formas de vida, es decir, la belleza e importancia de su diversidad.<\/span><\/p>\n<p style=\"text-align: justify;\"><span style=\"color: #000000;\">Desde el Equipo Nacional de Pastoral Aborigen acompa\u00f1amos, en la Semana de los Pueblos Ind\u00edgenas, a cada Pueblo en la defensa, cuidado y abrazo a la variedad de vida que se desparrama por nuestra Casa Com\u00fan.<\/span><\/p>\n<p style=\"text-align: justify;\"><span style=\"color: #000000;\">El lema de este a\u00f1o evidencia que el cuidado de la biodiversidad se encuentra en la sabidur\u00eda ancestral de los Pueblos Ind\u00edgenas, que son saberes fundamentales para dar soluci\u00f3n a las innumerables problem\u00e1ticas ambientales que se presentan. El di\u00e1logo consensuado, armonioso y respetuoso con las Comunidades Originarias pueden traer gran alivio al malestar ambiental del planeta.<\/span><\/p>\n","protected":false},"excerpt":{"rendered":"<div class=\"mh-excerpt\"><p>\u201cBiodiversidad y Pueblos Ind\u00edgenas, vida para m\u00e1s vida\u201d La Semana de los Pueblos Ind\u00edgenas busca difundir la realidad de los Pueblos Ind\u00edgenas y generar espacios <a class=\"mh-excerpt-more\" href=\"https:\/\/www.obispadorqta.org.ar\/v3\/semana-de-los-pueblos-indigenas-6\/\" title=\"SEMANA DE LOS PUEBLOS IND\u00cdGENAS\">[&#8230;]<\/a><\/p>\n<\/div>","protected":false},"author":3,"featured_media":7441,"comment_status":"closed","ping_status":"open","sticky":false,"template":"","format":"standard","meta":{"footnotes":""},"categories":[6,28],"tags":[],"class_list":["post-7440","post","type-post","status-publish","format-standard","has-post-thumbnail","hentry","category-news","category-latest-news"],"_links":{"self":[{"href":"https:\/\/www.obispadorqta.org.ar\/v3\/wp-json\/wp\/v2\/posts\/7440","targetHints":{"allow":["GET"]}}],"collection":[{"href":"https:\/\/www.obispadorqta.org.ar\/v3\/wp-json\/wp\/v2\/posts"}],"about":[{"href":"https:\/\/www.obispadorqta.org.ar\/v3\/wp-json\/wp\/v2\/types\/post"}],"author":[{"embeddable":true,"href":"https:\/\/www.obispadorqta.org.ar\/v3\/wp-json\/wp\/v2\/users\/3"}],"replies":[{"embeddable":true,"href":"https:\/\/www.obispadorqta.org.ar\/v3\/wp-json\/wp\/v2\/comments?post=7440"}],"version-history":[{"count":1,"href":"https:\/\/www.obispadorqta.org.ar\/v3\/wp-json\/wp\/v2\/posts\/7440\/revisions"}],"predecessor-version":[{"id":7442,"href":"https:\/\/www.obispadorqta.org.ar\/v3\/wp-json\/wp\/v2\/posts\/7440\/revisions\/7442"}],"wp:featuredmedia":[{"embeddable":true,"href":"https:\/\/www.obispadorqta.org.ar\/v3\/wp-json\/wp\/v2\/media\/7441"}],"wp:attachment":[{"href":"https:\/\/www.obispadorqta.org.ar\/v3\/wp-json\/wp\/v2\/media?parent=7440"}],"wp:term":[{"taxonomy":"category","embeddable":true,"href":"https:\/\/www.obispadorqta.org.ar\/v3\/wp-json\/wp\/v2\/categories?post=7440"},{"taxonomy":"post_tag","embeddable":true,"href":"https:\/\/www.obispadorqta.org.ar\/v3\/wp-json\/wp\/v2\/tags?post=7440"}],"curies":[{"name":"wp","href":"https:\/\/api.w.org\/{rel}","templated":true}]}}