{"id":7446,"date":"2022-04-20T12:07:38","date_gmt":"2022-04-20T15:07:38","guid":{"rendered":"http:\/\/www.obispadorqta.org.ar\/v3\/?p=7446"},"modified":"2022-04-20T12:07:44","modified_gmt":"2022-04-20T15:07:44","slug":"visita-del-director-de-adveniat","status":"publish","type":"post","link":"https:\/\/www.obispadorqta.org.ar\/v3\/visita-del-director-de-adveniat\/","title":{"rendered":"VISITA DEL DIRECTOR DE ADVENIAT"},"content":{"rendered":"<p style=\"text-align: justify;\">Los pr\u00f3ximos d\u00edas 25 y 26 de abril, el Director General de ADVENIAT, P. Mart\u00edn Maier, visitar\u00e1 la Di\u00f3cesis de Reconquista.<\/p>\n<p style=\"text-align: justify;\">La motivaci\u00f3n principal es encontrarse con el Obispo Diocesano, Mons. Mac\u00edn, para conversar sobre cuestiones referidas a los pueblos originarios, a las migraciones y, en general, sobre la Iglesia en la Argentina.<\/p>\n<p style=\"text-align: justify;\">Tambi\u00e9n tendr\u00e1 un encuentro con integrantes de INCUPO y visitar\u00e1 algunos lugares espec\u00edficos de nuestra Iglesia Particular.<\/p>\n<p style=\"text-align: justify;\">Recordamos que ADVENIAT, desde hace d\u00e9cadas, viene sosteniendo varios proyectos de acci\u00f3n social y eclesial en nuestra zona.<\/p>\n<p style=\"text-align: justify;\">Valoramos profundamente esta visita, y aprovechamos la ocasi\u00f3n para agradecer al P. Maier por su visita, y a los fieles cristianos alemanes por su esp\u00edritu solidario con las iglesias m\u00e1s necesitadas.<\/p>\n","protected":false},"excerpt":{"rendered":"<div class=\"mh-excerpt\"><p>Los pr\u00f3ximos d\u00edas 25 y 26 de abril, el Director General de ADVENIAT, P. Mart\u00edn Maier, visitar\u00e1 la Di\u00f3cesis de Reconquista. La motivaci\u00f3n principal es <a class=\"mh-excerpt-more\" href=\"https:\/\/www.obispadorqta.org.ar\/v3\/visita-del-director-de-adveniat\/\" title=\"VISITA DEL DIRECTOR DE ADVENIAT\">[&#8230;]<\/a><\/p>\n<\/div>","protected":false},"author":2,"featured_media":7447,"comment_status":"closed","ping_status":"open","sticky":false,"template":"","format":"standard","meta":{"footnotes":""},"categories":[6,28],"tags":[],"class_list":["post-7446","post","type-post","status-publish","format-standard","has-post-thumbnail","hentry","category-news","category-latest-news"],"_links":{"self":[{"href":"https:\/\/www.obispadorqta.org.ar\/v3\/wp-json\/wp\/v2\/posts\/7446","targetHints":{"allow":["GET"]}}],"collection":[{"href":"https:\/\/www.obispadorqta.org.ar\/v3\/wp-json\/wp\/v2\/posts"}],"about":[{"href":"https:\/\/www.obispadorqta.org.ar\/v3\/wp-json\/wp\/v2\/types\/post"}],"author":[{"embeddable":true,"href":"https:\/\/www.obispadorqta.org.ar\/v3\/wp-json\/wp\/v2\/users\/2"}],"replies":[{"embeddable":true,"href":"https:\/\/www.obispadorqta.org.ar\/v3\/wp-json\/wp\/v2\/comments?post=7446"}],"version-history":[{"count":1,"href":"https:\/\/www.obispadorqta.org.ar\/v3\/wp-json\/wp\/v2\/posts\/7446\/revisions"}],"predecessor-version":[{"id":7448,"href":"https:\/\/www.obispadorqta.org.ar\/v3\/wp-json\/wp\/v2\/posts\/7446\/revisions\/7448"}],"wp:featuredmedia":[{"embeddable":true,"href":"https:\/\/www.obispadorqta.org.ar\/v3\/wp-json\/wp\/v2\/media\/7447"}],"wp:attachment":[{"href":"https:\/\/www.obispadorqta.org.ar\/v3\/wp-json\/wp\/v2\/media?parent=7446"}],"wp:term":[{"taxonomy":"category","embeddable":true,"href":"https:\/\/www.obispadorqta.org.ar\/v3\/wp-json\/wp\/v2\/categories?post=7446"},{"taxonomy":"post_tag","embeddable":true,"href":"https:\/\/www.obispadorqta.org.ar\/v3\/wp-json\/wp\/v2\/tags?post=7446"}],"curies":[{"name":"wp","href":"https:\/\/api.w.org\/{rel}","templated":true}]}}