{"id":7449,"date":"2022-04-21T10:42:56","date_gmt":"2022-04-21T13:42:56","guid":{"rendered":"http:\/\/www.obispadorqta.org.ar\/v3\/?p=7449"},"modified":"2022-04-21T10:43:02","modified_gmt":"2022-04-21T13:43:02","slug":"encuentro-vida-religiosa","status":"publish","type":"post","link":"https:\/\/www.obispadorqta.org.ar\/v3\/encuentro-vida-religiosa\/","title":{"rendered":"ENCUENTRO VIDA RELIGIOSA"},"content":{"rendered":"<p style=\"text-align: justify;\">El pr\u00f3ximo lunes 25 de abril, de 8.30 a 11.30, en la Sede Diocesana, tendr\u00e1 lugar un encuentro de religiosos y religiosas que est\u00e1n actualmente en la di\u00f3cesis. Ser\u00e1n acompa\u00f1ados en alg\u00fan momento de la ma\u00f1ana por el Obispo Diocesano, para conversar sobre algunos temas de actualidad.<\/p>\n<p style=\"text-align: justify;\">Tambi\u00e9n se dedicar\u00e1 un tiempo para programar la actividad del a\u00f1o.<\/p>\n","protected":false},"excerpt":{"rendered":"<div class=\"mh-excerpt\"><p>El pr\u00f3ximo lunes 25 de abril, de 8.30 a 11.30, en la Sede Diocesana, tendr\u00e1 lugar un encuentro de religiosos y religiosas que est\u00e1n actualmente <a class=\"mh-excerpt-more\" href=\"https:\/\/www.obispadorqta.org.ar\/v3\/encuentro-vida-religiosa\/\" title=\"ENCUENTRO VIDA RELIGIOSA\">[&#8230;]<\/a><\/p>\n<\/div>","protected":false},"author":2,"featured_media":7450,"comment_status":"closed","ping_status":"open","sticky":false,"template":"","format":"standard","meta":{"footnotes":""},"categories":[6,28],"tags":[],"class_list":["post-7449","post","type-post","status-publish","format-standard","has-post-thumbnail","hentry","category-news","category-latest-news"],"_links":{"self":[{"href":"https:\/\/www.obispadorqta.org.ar\/v3\/wp-json\/wp\/v2\/posts\/7449","targetHints":{"allow":["GET"]}}],"collection":[{"href":"https:\/\/www.obispadorqta.org.ar\/v3\/wp-json\/wp\/v2\/posts"}],"about":[{"href":"https:\/\/www.obispadorqta.org.ar\/v3\/wp-json\/wp\/v2\/types\/post"}],"author":[{"embeddable":true,"href":"https:\/\/www.obispadorqta.org.ar\/v3\/wp-json\/wp\/v2\/users\/2"}],"replies":[{"embeddable":true,"href":"https:\/\/www.obispadorqta.org.ar\/v3\/wp-json\/wp\/v2\/comments?post=7449"}],"version-history":[{"count":1,"href":"https:\/\/www.obispadorqta.org.ar\/v3\/wp-json\/wp\/v2\/posts\/7449\/revisions"}],"predecessor-version":[{"id":7451,"href":"https:\/\/www.obispadorqta.org.ar\/v3\/wp-json\/wp\/v2\/posts\/7449\/revisions\/7451"}],"wp:featuredmedia":[{"embeddable":true,"href":"https:\/\/www.obispadorqta.org.ar\/v3\/wp-json\/wp\/v2\/media\/7450"}],"wp:attachment":[{"href":"https:\/\/www.obispadorqta.org.ar\/v3\/wp-json\/wp\/v2\/media?parent=7449"}],"wp:term":[{"taxonomy":"category","embeddable":true,"href":"https:\/\/www.obispadorqta.org.ar\/v3\/wp-json\/wp\/v2\/categories?post=7449"},{"taxonomy":"post_tag","embeddable":true,"href":"https:\/\/www.obispadorqta.org.ar\/v3\/wp-json\/wp\/v2\/tags?post=7449"}],"curies":[{"name":"wp","href":"https:\/\/api.w.org\/{rel}","templated":true}]}}