{"id":7452,"date":"2022-04-21T14:36:45","date_gmt":"2022-04-21T17:36:45","guid":{"rendered":"http:\/\/www.obispadorqta.org.ar\/v3\/?p=7452"},"modified":"2022-04-21T14:39:26","modified_gmt":"2022-04-21T17:39:26","slug":"comunicado-de-prensa-convenio-entre-el-obispado-y-pucara-rugby-reconquista","status":"publish","type":"post","link":"https:\/\/www.obispadorqta.org.ar\/v3\/comunicado-de-prensa-convenio-entre-el-obispado-y-pucara-rugby-reconquista\/","title":{"rendered":"CONVENIO ENTRE EL OBISPADO Y PUCAR\u00c1 RUGBY RECONQUISTA"},"content":{"rendered":"<p style=\"text-align: justify;\">El Obispado de Reconquista y la Asociaci\u00f3n Civil Pucar\u00e1 Rugby Reconquista informan a la comunidad local y regional que en el d\u00eda de la fecha han firmado un convenio por el cual el Obispado cede en car\u00e1cter de pr\u00e9stamo una fracci\u00f3n de terreno contigua al Instituto Reconquista, en la margen derecha del Arroyo El Rey.<\/p>\n<p style=\"text-align: justify;\">La Asociaci\u00f3n Civil Pucar\u00e1 Rugby Reconquista, con Personer\u00eda Jur\u00eddica N\u00ba 1979, acondicionar\u00e1 el terreno para la pr\u00e1ctica de actividades deportivas y sociales, sobre todo rugby y jockey, pudiendo erigir en el mismo estructuras desmontables, y facilitar\u00e1 el uso de las instalaciones para actividades deportivas al Instituto Reconquista y otras escuelas dependientes del Obispado.<img loading=\"lazy\" decoding=\"async\" class=\"aligncenter size-full wp-image-7457\" src=\"https:\/\/www.obispadorqta.org.ar\/v3\/wp-content\/uploads\/2022\/04\/1650561065428-scaled.jpg\" alt=\"\" width=\"2560\" height=\"1180\" srcset=\"https:\/\/www.obispadorqta.org.ar\/v3\/wp-content\/uploads\/2022\/04\/1650561065428-scaled.jpg 2560w, https:\/\/www.obispadorqta.org.ar\/v3\/wp-content\/uploads\/2022\/04\/1650561065428-300x138.jpg 300w, https:\/\/www.obispadorqta.org.ar\/v3\/wp-content\/uploads\/2022\/04\/1650561065428-1024x472.jpg 1024w, https:\/\/www.obispadorqta.org.ar\/v3\/wp-content\/uploads\/2022\/04\/1650561065428-768x354.jpg 768w, https:\/\/www.obispadorqta.org.ar\/v3\/wp-content\/uploads\/2022\/04\/1650561065428-1536x708.jpg 1536w, https:\/\/www.obispadorqta.org.ar\/v3\/wp-content\/uploads\/2022\/04\/1650561065428-2048x944.jpg 2048w\" sizes=\"auto, (max-width: 2560px) 100vw, 2560px\" \/><\/p>\n<p style=\"text-align: justify;\">Entre las razones que se toman en consideraci\u00f3n para realizar este Convenio, se destaca la importancia del deporte en la formaci\u00f3n de los j\u00f3venes, la inclusi\u00f3n de j\u00f3venes en riesgo en las actividades de la Asociaci\u00f3n y el facilitar el acceso a la pr\u00e1ctica deportiva a j\u00f3venes de escasos recursos econ\u00f3micos. Este sentido social y formativo de la actividad del Club est\u00e1 en consonancia con la finalidad original de todo este predio, adquirido en su momento por la Liga de Padres de Familia y hoy transferido al Obispado para el desarrollo y el sostenimiento de la actividad educativa.<\/p>\n<p style=\"text-align: justify;\">La Comisi\u00f3n Directiva de la Asociaci\u00f3n agradece al Obispado la acogida favorable a su solicitud, destacando el proceso de di\u00e1logo mantenido en los \u00faltimos meses para llegar a este acuerdo. Y que este paso, junto a la obtenci\u00f3n de la Personer\u00eda Jur\u00eddica el a\u00f1o pasado, marcan una nueva etapa en este sue\u00f1o de un gran grupo de entusiastas de este deporte, que ya lleva muchos a\u00f1os de trayectoria.<img loading=\"lazy\" decoding=\"async\" class=\"aligncenter size-full wp-image-7459\" src=\"https:\/\/www.obispadorqta.org.ar\/v3\/wp-content\/uploads\/2022\/04\/1650561951866-scaled.jpg\" alt=\"\" width=\"2560\" height=\"1605\" srcset=\"https:\/\/www.obispadorqta.org.ar\/v3\/wp-content\/uploads\/2022\/04\/1650561951866-scaled.jpg 2560w, https:\/\/www.obispadorqta.org.ar\/v3\/wp-content\/uploads\/2022\/04\/1650561951866-300x188.jpg 300w, https:\/\/www.obispadorqta.org.ar\/v3\/wp-content\/uploads\/2022\/04\/1650561951866-1024x642.jpg 1024w, https:\/\/www.obispadorqta.org.ar\/v3\/wp-content\/uploads\/2022\/04\/1650561951866-768x482.jpg 768w, https:\/\/www.obispadorqta.org.ar\/v3\/wp-content\/uploads\/2022\/04\/1650561951866-1536x963.jpg 1536w, https:\/\/www.obispadorqta.org.ar\/v3\/wp-content\/uploads\/2022\/04\/1650561951866-2048x1284.jpg 2048w\" sizes=\"auto, (max-width: 2560px) 100vw, 2560px\" \/><\/p>\n<p style=\"text-align: justify;\">El Obispado se\u00f1ala que este es un paso valioso en el camino de establecer redes eficaces entre los distintos estamentos de la sociedad para brindar servicios, posibilidades, contenci\u00f3n, formaci\u00f3n integral a la comunidad, en especial a los j\u00f3venes.<\/p>\n<p style=\"text-align: justify;\">Firmaron el Comodato el Pbro. Carlos Alberto Degiusti, Apoderado General del Obispado y el Prof. H\u00e9ctor Daniel Maidana, Presidente de la Comisi\u00f3n Directiva de la Asociaci\u00f3n Civil Pucar\u00e1 Rugby Reconquista.<\/p>\n<p style=\"text-align: justify;\">Reconquista, 21 de abril de 2022.<img loading=\"lazy\" decoding=\"async\" class=\"aligncenter size-full wp-image-7460\" src=\"https:\/\/www.obispadorqta.org.ar\/v3\/wp-content\/uploads\/2022\/04\/1650561065398-1.jpg\" alt=\"\" width=\"2333\" height=\"1504\" srcset=\"https:\/\/www.obispadorqta.org.ar\/v3\/wp-content\/uploads\/2022\/04\/1650561065398-1.jpg 2333w, https:\/\/www.obispadorqta.org.ar\/v3\/wp-content\/uploads\/2022\/04\/1650561065398-1-300x193.jpg 300w, https:\/\/www.obispadorqta.org.ar\/v3\/wp-content\/uploads\/2022\/04\/1650561065398-1-1024x660.jpg 1024w, https:\/\/www.obispadorqta.org.ar\/v3\/wp-content\/uploads\/2022\/04\/1650561065398-1-768x495.jpg 768w, https:\/\/www.obispadorqta.org.ar\/v3\/wp-content\/uploads\/2022\/04\/1650561065398-1-1536x990.jpg 1536w, https:\/\/www.obispadorqta.org.ar\/v3\/wp-content\/uploads\/2022\/04\/1650561065398-1-2048x1320.jpg 2048w\" sizes=\"auto, (max-width: 2333px) 100vw, 2333px\" \/><\/p>\n","protected":false},"excerpt":{"rendered":"<div class=\"mh-excerpt\"><p>El Obispado de Reconquista y la Asociaci\u00f3n Civil Pucar\u00e1 Rugby Reconquista informan a la comunidad local y regional que en el d\u00eda de la fecha <a class=\"mh-excerpt-more\" href=\"https:\/\/www.obispadorqta.org.ar\/v3\/comunicado-de-prensa-convenio-entre-el-obispado-y-pucara-rugby-reconquista\/\" title=\"CONVENIO ENTRE EL OBISPADO Y PUCAR\u00c1 RUGBY RECONQUISTA\">[&#8230;]<\/a><\/p>\n<\/div>","protected":false},"author":2,"featured_media":7458,"comment_status":"closed","ping_status":"open","sticky":false,"template":"","format":"standard","meta":{"footnotes":""},"categories":[6,28],"tags":[],"class_list":["post-7452","post","type-post","status-publish","format-standard","has-post-thumbnail","hentry","category-news","category-latest-news"],"_links":{"self":[{"href":"https:\/\/www.obispadorqta.org.ar\/v3\/wp-json\/wp\/v2\/posts\/7452","targetHints":{"allow":["GET"]}}],"collection":[{"href":"https:\/\/www.obispadorqta.org.ar\/v3\/wp-json\/wp\/v2\/posts"}],"about":[{"href":"https:\/\/www.obispadorqta.org.ar\/v3\/wp-json\/wp\/v2\/types\/post"}],"author":[{"embeddable":true,"href":"https:\/\/www.obispadorqta.org.ar\/v3\/wp-json\/wp\/v2\/users\/2"}],"replies":[{"embeddable":true,"href":"https:\/\/www.obispadorqta.org.ar\/v3\/wp-json\/wp\/v2\/comments?post=7452"}],"version-history":[{"count":5,"href":"https:\/\/www.obispadorqta.org.ar\/v3\/wp-json\/wp\/v2\/posts\/7452\/revisions"}],"predecessor-version":[{"id":7462,"href":"https:\/\/www.obispadorqta.org.ar\/v3\/wp-json\/wp\/v2\/posts\/7452\/revisions\/7462"}],"wp:featuredmedia":[{"embeddable":true,"href":"https:\/\/www.obispadorqta.org.ar\/v3\/wp-json\/wp\/v2\/media\/7458"}],"wp:attachment":[{"href":"https:\/\/www.obispadorqta.org.ar\/v3\/wp-json\/wp\/v2\/media?parent=7452"}],"wp:term":[{"taxonomy":"category","embeddable":true,"href":"https:\/\/www.obispadorqta.org.ar\/v3\/wp-json\/wp\/v2\/categories?post=7452"},{"taxonomy":"post_tag","embeddable":true,"href":"https:\/\/www.obispadorqta.org.ar\/v3\/wp-json\/wp\/v2\/tags?post=7452"}],"curies":[{"name":"wp","href":"https:\/\/api.w.org\/{rel}","templated":true}]}}