{"id":7463,"date":"2022-04-23T08:44:00","date_gmt":"2022-04-23T11:44:00","guid":{"rendered":"http:\/\/www.obispadorqta.org.ar\/v3\/?p=7463"},"modified":"2022-04-22T08:45:46","modified_gmt":"2022-04-22T11:45:46","slug":"informacion-importante","status":"publish","type":"post","link":"https:\/\/www.obispadorqta.org.ar\/v3\/informacion-importante\/","title":{"rendered":"INFORMACI\u00d3N IMPORTANTE"},"content":{"rendered":"<p style=\"text-align: center;\"><strong>Decisi\u00f3n del P. Miguel \u00c1ngel Zorz\u00f3n<\/strong><\/p>\n<p style=\"text-align: justify;\">Comunicamos a todos los fieles de la Di\u00f3cesis de Reconquista, y especialmente a aquellos de la Parroquia \u201cNtra. Sra. de Guadalupe\u201d de Intiyaco, que el P. Miguel \u00c1ngel Zorz\u00f3n, imprevistamente, ha decidido dejar el ejercicio del ministerio sacerdotal de un modo definitivo.<\/p>\n<p style=\"text-align: justify;\">Lamentando esta decisi\u00f3n personal, les informamos que el pr\u00f3ximo domingo, el Obispo Diocesano, Mons. \u00c1ngel Jos\u00e9 Mac\u00edn celebrar\u00e1 la misa de las 8,30 en Intiyaco, para acompa\u00f1ar a esa comunidad y comentarles como continuar\u00e1 la atenci\u00f3n de la misma en estos meses, hasta el nombramiento de un nuevo sacerdote.<\/p>\n<p style=\"text-align: justify;\">Pedimos a Cristo resucitado derrame la fortaleza de su gracia sobre todos.<\/p>\n<p style=\"text-align: justify;\">Sede Episcopal de Reconquista, 23 de abril de 2022.<\/p>\n<p style=\"text-align: right;\">Obispado de Reconquista<\/p>\n","protected":false},"excerpt":{"rendered":"<div class=\"mh-excerpt\"><p>Decisi\u00f3n del P. Miguel \u00c1ngel Zorz\u00f3n Comunicamos a todos los fieles de la Di\u00f3cesis de Reconquista, y especialmente a aquellos de la Parroquia \u201cNtra. Sra. <a class=\"mh-excerpt-more\" href=\"https:\/\/www.obispadorqta.org.ar\/v3\/informacion-importante\/\" title=\"INFORMACI\u00d3N IMPORTANTE\">[&#8230;]<\/a><\/p>\n<\/div>","protected":false},"author":2,"featured_media":3739,"comment_status":"closed","ping_status":"open","sticky":false,"template":"","format":"standard","meta":{"footnotes":""},"categories":[6,28],"tags":[],"class_list":["post-7463","post","type-post","status-publish","format-standard","has-post-thumbnail","hentry","category-news","category-latest-news"],"_links":{"self":[{"href":"https:\/\/www.obispadorqta.org.ar\/v3\/wp-json\/wp\/v2\/posts\/7463","targetHints":{"allow":["GET"]}}],"collection":[{"href":"https:\/\/www.obispadorqta.org.ar\/v3\/wp-json\/wp\/v2\/posts"}],"about":[{"href":"https:\/\/www.obispadorqta.org.ar\/v3\/wp-json\/wp\/v2\/types\/post"}],"author":[{"embeddable":true,"href":"https:\/\/www.obispadorqta.org.ar\/v3\/wp-json\/wp\/v2\/users\/2"}],"replies":[{"embeddable":true,"href":"https:\/\/www.obispadorqta.org.ar\/v3\/wp-json\/wp\/v2\/comments?post=7463"}],"version-history":[{"count":3,"href":"https:\/\/www.obispadorqta.org.ar\/v3\/wp-json\/wp\/v2\/posts\/7463\/revisions"}],"predecessor-version":[{"id":7466,"href":"https:\/\/www.obispadorqta.org.ar\/v3\/wp-json\/wp\/v2\/posts\/7463\/revisions\/7466"}],"wp:featuredmedia":[{"embeddable":true,"href":"https:\/\/www.obispadorqta.org.ar\/v3\/wp-json\/wp\/v2\/media\/3739"}],"wp:attachment":[{"href":"https:\/\/www.obispadorqta.org.ar\/v3\/wp-json\/wp\/v2\/media?parent=7463"}],"wp:term":[{"taxonomy":"category","embeddable":true,"href":"https:\/\/www.obispadorqta.org.ar\/v3\/wp-json\/wp\/v2\/categories?post=7463"},{"taxonomy":"post_tag","embeddable":true,"href":"https:\/\/www.obispadorqta.org.ar\/v3\/wp-json\/wp\/v2\/tags?post=7463"}],"curies":[{"name":"wp","href":"https:\/\/api.w.org\/{rel}","templated":true}]}}