{"id":7468,"date":"2022-04-23T10:41:00","date_gmt":"2022-04-23T13:41:00","guid":{"rendered":"http:\/\/www.obispadorqta.org.ar\/v3\/?p=7468"},"modified":"2022-04-22T11:43:08","modified_gmt":"2022-04-22T14:43:08","slug":"modificaciones-en-el-calendario-de-formacion-liturgica","status":"publish","type":"post","link":"https:\/\/www.obispadorqta.org.ar\/v3\/modificaciones-en-el-calendario-de-formacion-liturgica\/","title":{"rendered":"Modificaciones en el calendario de formaci\u00f3n Lit\u00fargica"},"content":{"rendered":"<p style=\"text-align: justify;\">Comunicamos que ma\u00f1ana domingo 24 de abril, queda suspendido el encuentro de formaci\u00f3n lit\u00fargico de la zona monte, por razones de log\u00edstica y de distancias.<\/p>\n<p style=\"text-align: justify;\">Se mantiene el calendario de los dem\u00e1s encuentros, a saber:<\/p>\n<ul>\n<li style=\"text-align: justify;\">Domingo 1\u00b0 de mayo: Zona Sur, se unir\u00eda a la parroquia \u00abSagrado Coraz\u00f3n de Jes\u00fas\u00bb de La Gallareta.<\/li>\n<li style=\"text-align: justify;\">Domingo 08 de mayo: Zona Norte, se sumar\u00eda la parroquia \u00abSagrado Coraz\u00f3n de Jes\u00fas\u00bb de Villa Guillermina, parroquia \u00abNuestra Se\u00f1ora de Guadalupe\u00bb de Intiyaco y \u00abSagrado Coraz\u00f3n de Jes\u00fas\u00bb de Villa Ana.<\/li>\n<li style=\"text-align: justify;\">Domingo 15 de mayo: Zona Centro, se agregar\u00eda la parroquia \u00abNuestra Se\u00f1ora de Itat\u00ed\u00bb de Fort\u00edn Olmos.<\/li>\n<\/ul>\n<p style=\"text-align: right;\">Equipo Diocesano de Liturgia.<\/p>\n","protected":false},"excerpt":{"rendered":"<div class=\"mh-excerpt\"><p>Comunicamos que ma\u00f1ana domingo 24 de abril, queda suspendido el encuentro de formaci\u00f3n lit\u00fargico de la zona monte, por razones de log\u00edstica y de distancias. <a class=\"mh-excerpt-more\" href=\"https:\/\/www.obispadorqta.org.ar\/v3\/modificaciones-en-el-calendario-de-formacion-liturgica\/\" title=\"Modificaciones en el calendario de formaci\u00f3n Lit\u00fargica\">[&#8230;]<\/a><\/p>\n<\/div>","protected":false},"author":2,"featured_media":7469,"comment_status":"closed","ping_status":"open","sticky":false,"template":"","format":"standard","meta":{"footnotes":""},"categories":[6,28],"tags":[],"class_list":["post-7468","post","type-post","status-publish","format-standard","has-post-thumbnail","hentry","category-news","category-latest-news"],"_links":{"self":[{"href":"https:\/\/www.obispadorqta.org.ar\/v3\/wp-json\/wp\/v2\/posts\/7468","targetHints":{"allow":["GET"]}}],"collection":[{"href":"https:\/\/www.obispadorqta.org.ar\/v3\/wp-json\/wp\/v2\/posts"}],"about":[{"href":"https:\/\/www.obispadorqta.org.ar\/v3\/wp-json\/wp\/v2\/types\/post"}],"author":[{"embeddable":true,"href":"https:\/\/www.obispadorqta.org.ar\/v3\/wp-json\/wp\/v2\/users\/2"}],"replies":[{"embeddable":true,"href":"https:\/\/www.obispadorqta.org.ar\/v3\/wp-json\/wp\/v2\/comments?post=7468"}],"version-history":[{"count":2,"href":"https:\/\/www.obispadorqta.org.ar\/v3\/wp-json\/wp\/v2\/posts\/7468\/revisions"}],"predecessor-version":[{"id":7471,"href":"https:\/\/www.obispadorqta.org.ar\/v3\/wp-json\/wp\/v2\/posts\/7468\/revisions\/7471"}],"wp:featuredmedia":[{"embeddable":true,"href":"https:\/\/www.obispadorqta.org.ar\/v3\/wp-json\/wp\/v2\/media\/7469"}],"wp:attachment":[{"href":"https:\/\/www.obispadorqta.org.ar\/v3\/wp-json\/wp\/v2\/media?parent=7468"}],"wp:term":[{"taxonomy":"category","embeddable":true,"href":"https:\/\/www.obispadorqta.org.ar\/v3\/wp-json\/wp\/v2\/categories?post=7468"},{"taxonomy":"post_tag","embeddable":true,"href":"https:\/\/www.obispadorqta.org.ar\/v3\/wp-json\/wp\/v2\/tags?post=7468"}],"curies":[{"name":"wp","href":"https:\/\/api.w.org\/{rel}","templated":true}]}}