{"id":7474,"date":"2022-04-26T11:21:40","date_gmt":"2022-04-26T14:21:40","guid":{"rendered":"http:\/\/www.obispadorqta.org.ar\/v3\/?p=7474"},"modified":"2023-08-22T11:51:19","modified_gmt":"2023-08-22T14:51:19","slug":"permanece-abierta-la-inscripcion-del-instituto-de-teologia-y-pastoral-juan-pablo-ii","status":"publish","type":"post","link":"https:\/\/www.obispadorqta.org.ar\/v3\/permanece-abierta-la-inscripcion-del-instituto-de-teologia-y-pastoral-juan-pablo-ii\/","title":{"rendered":"Permanece abierta la inscripci\u00f3n del Instituto de Teolog\u00eda y Pastoral \u00abJuan Pablo II\u00bb"},"content":{"rendered":"<p style=\"text-align: justify;\"><span style=\"color: #000000;\">El Equipo Directivo del Instituto de Teolog\u00eda y Pastoral Diocesano, Juan Pablo II, informa que permanece abierta la inscripci\u00f3n al primer a\u00f1o del\u00a0 Instituto, como as\u00ed tambi\u00e9n para los otros a\u00f1os.<\/span><\/p>\n<p style=\"text-align: justify;\"><span style=\"font-size: inherit; color: #000000;\">\u00a0La fecha l\u00edmite es hasta mi\u00e9rcoles 11 de mayo, del corriente a\u00f1o.<\/span><\/p>\n<p style=\"text-align: justify;\"><span style=\"color: #000000;\">La inscripci\u00f3n se realiza directamente en la sede del Instituto (Coloegio San Jos\u00e9, Iturraspe 841) los d\u00edas mi\u00e9rcoles de 20:00 hs a 23:00. Tambi\u00e9n por medio del n\u00famero de celular\/WhatsApp: 3482 541694 (Di\u00e1cono Permanente Jorge Ben\u00edtez) o por el Facebook: Instituto de Teolog\u00eda y Pastoral Diocesano \u00abJuan Pablo II\u00bb .<\/span><\/p>\n<p><span style=\"color: #000000;\">A continuaci\u00f3n, compartimos el Instructivo Acad\u00e9mico para este a\u00f1o.<\/span><\/p>\n<p style=\"text-align: center;\"><strong>INSTRUCTIVO ACAD\u00c9MICO 2022<\/strong><\/p>\n<p style=\"text-align: justify;\"><strong>I<\/strong><span style=\"color: #333333;\"><strong>NSTITUCIONAL:<\/strong> El Instituto de Teolog\u00eda y Pastoral est\u00e1 en funcionamiento desde el a\u00f1o 1985, con sede en Reconquista y bajo la supervisi\u00f3n del Obispo de la Di\u00f3cesis; siempre ha sido un \u00e1mbito de formaci\u00f3n para todos los laicos de la Di\u00f3cesis de Reconquista. A lo largo de m\u00e1s de 35 a\u00f1os, ha tenido varias sedes anexas en diferentes parroquias de la Di\u00f3cesis. <\/span><br \/>\n<span style=\"color: #333333;\">LUGAR DE FUNCIONAMIENTO: Colegio \u201cSan Jos\u00e9: Iturraspe 842, Reconquista\u201d.<\/span><\/p>\n<p style=\"text-align: justify;\"><span style=\"color: #333333;\"><strong>OBJETIVO DEL INSTITUTO:<\/strong> El Instituto de Teolog\u00eda y Pastoral \u201cJuan Pablo II\u201d (ex ITEPARE), ofrece un espacio de formaci\u00f3n y reflexi\u00f3n teol\u00f3gica que ayude a cimentar la vida cristiana, para vivirla a) en el propio ambiente y en b) una inserci\u00f3n pastoral eclesial. <\/span><br \/>\n<span style=\"color: #333333;\">Es una invitaci\u00f3n a profundizar la fe, destinada a todos los fieles laicos que deseen realizarlo, sin l\u00edmites de edad. Adem\u00e1s, es una ayuda para preparar mejor la actividad pastoral de la parroquia o la di\u00f3cesis. Somos como una gran familia, cada mi\u00e9rcoles nos encontramos para compartir nuestra fe desde lo intelectual y pastoral.<\/span><\/p>\n<p style=\"text-align: justify;\"><span style=\"color: #333333;\"><strong>PROFESORES:<\/strong> El Instituto cuenta con un cuerpo de profesores expertos en las materias que se dictan, la mayor\u00eda de ellos son sacerdotes y ex-alumnos de la Instituci\u00f3n.<\/span><\/p>\n<p style=\"text-align: justify;\"><span style=\"color: #333333;\"><strong>INSCRIPCI\u00d3N ANUAL:<\/strong> El Instituto cobra una cuota de inscripci\u00f3n anual de $ 500,00- Ello permite la puesta en funcionamiento de Secretar\u00eda y Biblioteca al inicio del a\u00f1o. Dicha cuota de inscripci\u00f3n es exigida a todos los alumnos del Instituto, tanto los que inician como los que contin\u00faan su formaci\u00f3n en los diversos a\u00f1os.<\/span><\/p>\n<p style=\"text-align: justify;\"><span style=\"color: #333333;\"><strong>CUOTA MENSUAL:<\/strong> Todos los meses desde Abril (proporcional) a noviembre el alumno, para ser admitido a las clases, debe abonar una cuota mensual de $ 1.000. abril 2022 es proporcional $300,00- (Matrimonios y\/o familiares: $ 1500.-) La misma permite el normal funcionamiento del Instituto, siendo la \u00fanica fuente de ingresos por todo concepto. (ver Becas y ayudas a alumnos).<\/span><\/p>\n<p style=\"text-align: justify;\"><span style=\"color: #333333;\"><strong>MODALIDAD DE CURSADO:<\/strong> 1) Alumno regular: es el que obtiene un certificado de estudios realizados al finalizar el ciclo b\u00e1sico de tres (3) a\u00f1os, y tambi\u00e9n en el cuarto y quinto a\u00f1o de especializaci\u00f3n, respectivamente; 2) Alumno oyente: es quien no tiene obligaci\u00f3n de rendir examen final y, por lo tanto, no obtiene dichos certificados. A ambos alumnos se les exigen las mismas condiciones de cursado. (Asistencia y cuotas). <\/span><br \/>\n<span style=\"color: #333333;\">Lo mismo se aplica para el Cuarto y Quinto A\u00f1o de Especializaci\u00f3n (optativo), al que se invita a todos los ex-alumnos del Instituto, sin importar el a\u00f1o o lugar de egreso.<\/span><\/p>\n<p style=\"text-align: justify;\"><span style=\"color: #333333;\"><strong>HORARIO:<\/strong> El cursado exigido a los alumnos ser\u00e1 todos los mi\u00e9rcoles del cuatrimestre, desde las 20:00 hasta las 22:45. Se dictar\u00e1n dos m\u00f3dulos c\u00e1tedra, teniendo el alumno derecho a una pausa de quince (15) minutos a las 21:15, entre los dos m\u00f3dulos<\/span><\/p>\n<p style=\"text-align: justify;\"><span style=\"color: #333333;\"><strong>BECAS Y AYUDAS A ALUMNOS:<\/strong> El esp\u00edritu que mueve al Instituto es permitir que todos puedan realizar la formaci\u00f3n que se brinda, a\u00fan los que por distintas razones no cuenten con los recursos suficientes. Por ello se ha implementado un sistema de becas total o parcial, financiadas de la siguiente manera: algunos colaboradores externos asumen la cuota total de alg\u00fan alumno; algunos profesores y personal directivo donan total o parcialmente su aporte; y alumnos del Instituto pagan una cuota y media para ayudar a los que no pueden. En todo caso se deber\u00e1 plantear la situaci\u00f3n personalmente con el Director del Instituto.<\/span><\/p>\n<p style=\"text-align: justify;\"><span style=\"color: #333333;\"><strong>SECRETAR\u00cdA:<\/strong> Estar\u00e1 siempre abierta durante el horario de cursado, y a disposici\u00f3n de los profesores y alumnos.<\/span><\/p>\n<p style=\"text-align: justify;\">\n<p style=\"text-align: justify;\">\n<p style=\"text-align: justify;\">\n","protected":false},"excerpt":{"rendered":"<div class=\"mh-excerpt\"><p>El Equipo Directivo del Instituto de Teolog\u00eda y Pastoral Diocesano, Juan Pablo II, informa que permanece abierta la inscripci\u00f3n al primer a\u00f1o del\u00a0 Instituto, como <a class=\"mh-excerpt-more\" href=\"https:\/\/www.obispadorqta.org.ar\/v3\/permanece-abierta-la-inscripcion-del-instituto-de-teologia-y-pastoral-juan-pablo-ii\/\" title=\"Permanece abierta la inscripci\u00f3n del Instituto de Teolog\u00eda y Pastoral \u00abJuan Pablo II\u00bb\">[&#8230;]<\/a><\/p>\n<\/div>","protected":false},"author":3,"featured_media":7234,"comment_status":"closed","ping_status":"open","sticky":false,"template":"","format":"standard","meta":{"footnotes":""},"categories":[6,28],"tags":[],"class_list":["post-7474","post","type-post","status-publish","format-standard","has-post-thumbnail","hentry","category-news","category-latest-news"],"_links":{"self":[{"href":"https:\/\/www.obispadorqta.org.ar\/v3\/wp-json\/wp\/v2\/posts\/7474","targetHints":{"allow":["GET"]}}],"collection":[{"href":"https:\/\/www.obispadorqta.org.ar\/v3\/wp-json\/wp\/v2\/posts"}],"about":[{"href":"https:\/\/www.obispadorqta.org.ar\/v3\/wp-json\/wp\/v2\/types\/post"}],"author":[{"embeddable":true,"href":"https:\/\/www.obispadorqta.org.ar\/v3\/wp-json\/wp\/v2\/users\/3"}],"replies":[{"embeddable":true,"href":"https:\/\/www.obispadorqta.org.ar\/v3\/wp-json\/wp\/v2\/comments?post=7474"}],"version-history":[{"count":2,"href":"https:\/\/www.obispadorqta.org.ar\/v3\/wp-json\/wp\/v2\/posts\/7474\/revisions"}],"predecessor-version":[{"id":7476,"href":"https:\/\/www.obispadorqta.org.ar\/v3\/wp-json\/wp\/v2\/posts\/7474\/revisions\/7476"}],"wp:featuredmedia":[{"embeddable":true,"href":"https:\/\/www.obispadorqta.org.ar\/v3\/wp-json\/wp\/v2\/media\/7234"}],"wp:attachment":[{"href":"https:\/\/www.obispadorqta.org.ar\/v3\/wp-json\/wp\/v2\/media?parent=7474"}],"wp:term":[{"taxonomy":"category","embeddable":true,"href":"https:\/\/www.obispadorqta.org.ar\/v3\/wp-json\/wp\/v2\/categories?post=7474"},{"taxonomy":"post_tag","embeddable":true,"href":"https:\/\/www.obispadorqta.org.ar\/v3\/wp-json\/wp\/v2\/tags?post=7474"}],"curies":[{"name":"wp","href":"https:\/\/api.w.org\/{rel}","templated":true}]}}