{"id":7486,"date":"2022-04-28T08:13:48","date_gmt":"2022-04-28T11:13:48","guid":{"rendered":"http:\/\/www.obispadorqta.org.ar\/v3\/?p=7486"},"modified":"2022-04-28T08:14:17","modified_gmt":"2022-04-28T11:14:17","slug":"asamblea-plenaria-del-episcopado-argentino","status":"publish","type":"post","link":"https:\/\/www.obispadorqta.org.ar\/v3\/asamblea-plenaria-del-episcopado-argentino\/","title":{"rendered":"ASAMBLEA PLENARIA DEL EPISCOPADO ARGENTINO"},"content":{"rendered":"<p style=\"text-align: justify;\">A partir del lunes 2 de mayor por la tarde, hasta el viernes 6 al mediod\u00eda se realizar\u00e1 la 120\u00b0 Asamblea Plenaria del Episcopado Argentino en La Montonera, Pilar, Buenos Aires, donde se abordar\u00e1n varios temas de la agenda actual de la Iglesia en la Argentina.<\/p>\n<p style=\"text-align: justify;\">Participar\u00e1 de la misma nuestro obispo diocesano, Mons. \u00c1ngel Jos\u00e9 Mac\u00edn, quien viajar\u00e1 anticipadamente para presidir una reuni\u00f3n de la Comisi\u00f3n de Migrantes e Itinerantes.<\/p>\n","protected":false},"excerpt":{"rendered":"<div class=\"mh-excerpt\"><p>A partir del lunes 2 de mayor por la tarde, hasta el viernes 6 al mediod\u00eda se realizar\u00e1 la 120\u00b0 Asamblea Plenaria del Episcopado Argentino <a class=\"mh-excerpt-more\" href=\"https:\/\/www.obispadorqta.org.ar\/v3\/asamblea-plenaria-del-episcopado-argentino\/\" title=\"ASAMBLEA PLENARIA DEL EPISCOPADO ARGENTINO\">[&#8230;]<\/a><\/p>\n<\/div>","protected":false},"author":3,"featured_media":7487,"comment_status":"closed","ping_status":"open","sticky":false,"template":"","format":"standard","meta":{"footnotes":""},"categories":[6,28],"tags":[],"class_list":["post-7486","post","type-post","status-publish","format-standard","has-post-thumbnail","hentry","category-news","category-latest-news"],"_links":{"self":[{"href":"https:\/\/www.obispadorqta.org.ar\/v3\/wp-json\/wp\/v2\/posts\/7486","targetHints":{"allow":["GET"]}}],"collection":[{"href":"https:\/\/www.obispadorqta.org.ar\/v3\/wp-json\/wp\/v2\/posts"}],"about":[{"href":"https:\/\/www.obispadorqta.org.ar\/v3\/wp-json\/wp\/v2\/types\/post"}],"author":[{"embeddable":true,"href":"https:\/\/www.obispadorqta.org.ar\/v3\/wp-json\/wp\/v2\/users\/3"}],"replies":[{"embeddable":true,"href":"https:\/\/www.obispadorqta.org.ar\/v3\/wp-json\/wp\/v2\/comments?post=7486"}],"version-history":[{"count":1,"href":"https:\/\/www.obispadorqta.org.ar\/v3\/wp-json\/wp\/v2\/posts\/7486\/revisions"}],"predecessor-version":[{"id":7488,"href":"https:\/\/www.obispadorqta.org.ar\/v3\/wp-json\/wp\/v2\/posts\/7486\/revisions\/7488"}],"wp:featuredmedia":[{"embeddable":true,"href":"https:\/\/www.obispadorqta.org.ar\/v3\/wp-json\/wp\/v2\/media\/7487"}],"wp:attachment":[{"href":"https:\/\/www.obispadorqta.org.ar\/v3\/wp-json\/wp\/v2\/media?parent=7486"}],"wp:term":[{"taxonomy":"category","embeddable":true,"href":"https:\/\/www.obispadorqta.org.ar\/v3\/wp-json\/wp\/v2\/categories?post=7486"},{"taxonomy":"post_tag","embeddable":true,"href":"https:\/\/www.obispadorqta.org.ar\/v3\/wp-json\/wp\/v2\/tags?post=7486"}],"curies":[{"name":"wp","href":"https:\/\/api.w.org\/{rel}","templated":true}]}}