{"id":7489,"date":"2022-04-28T11:02:22","date_gmt":"2022-04-28T14:02:22","guid":{"rendered":"http:\/\/www.obispadorqta.org.ar\/v3\/?p=7489"},"modified":"2022-04-28T11:02:40","modified_gmt":"2022-04-28T14:02:40","slug":"avisos-parroquia-de-intiyaco","status":"publish","type":"post","link":"https:\/\/www.obispadorqta.org.ar\/v3\/avisos-parroquia-de-intiyaco\/","title":{"rendered":"AVISOS PARROQUIA DE INTIYACO"},"content":{"rendered":"<p><strong>Viernes 29 de abril<\/strong><br \/>\n17:00 hs.: Misa Km 28. Fiesta Patronal en honor a Santa Catalina. Celebrada por Mons. \u00c1ngel Jos\u00e9 Mac\u00edn<\/p>\n<p>19:30 hs.: Misa en Los T\u00e1banos. Celebrada por Mons. \u00c1ngel Jos\u00e9 Mac\u00edn<\/p>\n<p><strong>S\u00e1bado 30 de abril<\/strong><br \/>\n18 hs.: Misa en Garabato. Celebrada por el Pbro. Luciano Molina<\/p>\n<p><strong>Domingo 1 de mayo, D\u00eda del Trabajador<\/strong><br \/>\n10:00hs.: Procesi\u00f3n, Misa y Bautismos. Fiesta Patronal en honor a San Jos\u00e9 Obrero, en Ca\u00f1ada Omb\u00fa. Celebrada por el Pbro. Sergio Vicent\u00edn<\/p>\n<p>Los bautismos en la Parroquia de Intiyaco ser\u00e1n el domingo 8 de mayo.<\/p>\n","protected":false},"excerpt":{"rendered":"<div class=\"mh-excerpt\"><p>Viernes 29 de abril 17:00 hs.: Misa Km 28. Fiesta Patronal en honor a Santa Catalina. Celebrada por Mons. \u00c1ngel Jos\u00e9 Mac\u00edn 19:30 hs.: Misa <a class=\"mh-excerpt-more\" href=\"https:\/\/www.obispadorqta.org.ar\/v3\/avisos-parroquia-de-intiyaco\/\" title=\"AVISOS PARROQUIA DE INTIYACO\">[&#8230;]<\/a><\/p>\n<\/div>","protected":false},"author":3,"featured_media":7490,"comment_status":"closed","ping_status":"open","sticky":false,"template":"","format":"standard","meta":{"footnotes":""},"categories":[6,28],"tags":[],"class_list":["post-7489","post","type-post","status-publish","format-standard","has-post-thumbnail","hentry","category-news","category-latest-news"],"_links":{"self":[{"href":"https:\/\/www.obispadorqta.org.ar\/v3\/wp-json\/wp\/v2\/posts\/7489","targetHints":{"allow":["GET"]}}],"collection":[{"href":"https:\/\/www.obispadorqta.org.ar\/v3\/wp-json\/wp\/v2\/posts"}],"about":[{"href":"https:\/\/www.obispadorqta.org.ar\/v3\/wp-json\/wp\/v2\/types\/post"}],"author":[{"embeddable":true,"href":"https:\/\/www.obispadorqta.org.ar\/v3\/wp-json\/wp\/v2\/users\/3"}],"replies":[{"embeddable":true,"href":"https:\/\/www.obispadorqta.org.ar\/v3\/wp-json\/wp\/v2\/comments?post=7489"}],"version-history":[{"count":2,"href":"https:\/\/www.obispadorqta.org.ar\/v3\/wp-json\/wp\/v2\/posts\/7489\/revisions"}],"predecessor-version":[{"id":7492,"href":"https:\/\/www.obispadorqta.org.ar\/v3\/wp-json\/wp\/v2\/posts\/7489\/revisions\/7492"}],"wp:featuredmedia":[{"embeddable":true,"href":"https:\/\/www.obispadorqta.org.ar\/v3\/wp-json\/wp\/v2\/media\/7490"}],"wp:attachment":[{"href":"https:\/\/www.obispadorqta.org.ar\/v3\/wp-json\/wp\/v2\/media?parent=7489"}],"wp:term":[{"taxonomy":"category","embeddable":true,"href":"https:\/\/www.obispadorqta.org.ar\/v3\/wp-json\/wp\/v2\/categories?post=7489"},{"taxonomy":"post_tag","embeddable":true,"href":"https:\/\/www.obispadorqta.org.ar\/v3\/wp-json\/wp\/v2\/tags?post=7489"}],"curies":[{"name":"wp","href":"https:\/\/api.w.org\/{rel}","templated":true}]}}