{"id":7494,"date":"2022-05-03T09:26:26","date_gmt":"2022-05-03T12:26:26","guid":{"rendered":"http:\/\/www.obispadorqta.org.ar\/v3\/?p=7494"},"modified":"2023-08-22T11:51:06","modified_gmt":"2023-08-22T14:51:06","slug":"jornada-vocacional-juvenil","status":"publish","type":"post","link":"https:\/\/www.obispadorqta.org.ar\/v3\/jornada-vocacional-juvenil\/","title":{"rendered":"Jornada Vocacional Juvenil"},"content":{"rendered":"<p style=\"text-align: justify;\"><span style=\"color: #000000;\">El pr\u00f3ximo <strong>domingo 08 de mayo 2022, Domingo del Buen Pastor<\/strong>, la Pastoral Vocacional de la Di\u00f3cesis, invita a participar de un encuentro con los J\u00f3venes de nuestra di\u00f3cesis en San Antonio, Parroquia las Toscas.<\/span><\/p>\n<p style=\"text-align: justify;\"><span style=\"color: #000000;\">El mismo iniciar\u00e1 a las 9:30 hs y se prolongar\u00e1 hasta las 17 hs. aproximadamente. A las 17:30 hs. se celebrar\u00e1 la Santa Misa presidida por el obispo diocesano, Mons. Dr. \u00c1ngel Jos\u00e9 Mac\u00edn.\u00a0<\/span><\/p>\n<p style=\"text-align: justify;\"><span style=\"color: #000000;\">Ser\u00e1 un momento fraterno de oraci\u00f3n, celebraci\u00f3n y misi\u00f3n en torno a <i>la Jornada Mundial de Oraci\u00f3n por las Vocaciones, donde hemos decidido acercarnos a las comunidades de la zona norte, uni\u00e9ndonos al sentido de \u201csalida\u201d.<\/i><\/span><\/p>\n<p style=\"text-align: justify;\"><span style=\"color: #000000;\">Como comunidad diocesana nos unimos en profunda oraci\u00f3n confiada para pedir al Se\u00f1or que despierte el llamado de aquellos obreros que elige para su mies.\u00a0<\/span><\/p>\n","protected":false},"excerpt":{"rendered":"<div class=\"mh-excerpt\"><p>El pr\u00f3ximo domingo 08 de mayo 2022, Domingo del Buen Pastor, la Pastoral Vocacional de la Di\u00f3cesis, invita a participar de un encuentro con los <a class=\"mh-excerpt-more\" href=\"https:\/\/www.obispadorqta.org.ar\/v3\/jornada-vocacional-juvenil\/\" title=\"Jornada Vocacional Juvenil\">[&#8230;]<\/a><\/p>\n<\/div>","protected":false},"author":3,"featured_media":7499,"comment_status":"closed","ping_status":"open","sticky":false,"template":"","format":"standard","meta":{"footnotes":""},"categories":[6,28],"tags":[],"class_list":["post-7494","post","type-post","status-publish","format-standard","has-post-thumbnail","hentry","category-news","category-latest-news"],"_links":{"self":[{"href":"https:\/\/www.obispadorqta.org.ar\/v3\/wp-json\/wp\/v2\/posts\/7494","targetHints":{"allow":["GET"]}}],"collection":[{"href":"https:\/\/www.obispadorqta.org.ar\/v3\/wp-json\/wp\/v2\/posts"}],"about":[{"href":"https:\/\/www.obispadorqta.org.ar\/v3\/wp-json\/wp\/v2\/types\/post"}],"author":[{"embeddable":true,"href":"https:\/\/www.obispadorqta.org.ar\/v3\/wp-json\/wp\/v2\/users\/3"}],"replies":[{"embeddable":true,"href":"https:\/\/www.obispadorqta.org.ar\/v3\/wp-json\/wp\/v2\/comments?post=7494"}],"version-history":[{"count":3,"href":"https:\/\/www.obispadorqta.org.ar\/v3\/wp-json\/wp\/v2\/posts\/7494\/revisions"}],"predecessor-version":[{"id":7502,"href":"https:\/\/www.obispadorqta.org.ar\/v3\/wp-json\/wp\/v2\/posts\/7494\/revisions\/7502"}],"wp:featuredmedia":[{"embeddable":true,"href":"https:\/\/www.obispadorqta.org.ar\/v3\/wp-json\/wp\/v2\/media\/7499"}],"wp:attachment":[{"href":"https:\/\/www.obispadorqta.org.ar\/v3\/wp-json\/wp\/v2\/media?parent=7494"}],"wp:term":[{"taxonomy":"category","embeddable":true,"href":"https:\/\/www.obispadorqta.org.ar\/v3\/wp-json\/wp\/v2\/categories?post=7494"},{"taxonomy":"post_tag","embeddable":true,"href":"https:\/\/www.obispadorqta.org.ar\/v3\/wp-json\/wp\/v2\/tags?post=7494"}],"curies":[{"name":"wp","href":"https:\/\/api.w.org\/{rel}","templated":true}]}}