{"id":7507,"date":"2022-05-09T10:20:20","date_gmt":"2022-05-09T13:20:20","guid":{"rendered":"http:\/\/www.obispadorqta.org.ar\/v3\/?p=7507"},"modified":"2022-05-09T10:20:27","modified_gmt":"2022-05-09T13:20:27","slug":"retiro-anual-de-sacerdotes-2","status":"publish","type":"post","link":"https:\/\/www.obispadorqta.org.ar\/v3\/retiro-anual-de-sacerdotes-2\/","title":{"rendered":"Retiro Anual de Sacerdotes"},"content":{"rendered":"<p>Se llevar\u00e1 a cabo, como se hace anualmente, el retiro de los sacerdotes de la di\u00f3cesis. El mismo, tendr\u00e1 lugar en el CECABs de la Lola, desde el mediod\u00eda de hoy lunes 09 hasta el mediod\u00eda del viernes 13 del corriente mes. En esta ocasi\u00f3n el retiro ser\u00e1 acompa\u00f1ado por el Pbro. Juan Berli SJ, Coordinador RELAPAJ\u00a0(Red Latinoamericana de Parroquias Jesuitas) .<\/p>\n<p>Invitamos a todo el Pueblo de Dios a encomendar sus oraciones por los sacerdotes, en especial durante esta semana de renovaci\u00f3n espiritual y pastoral.<\/p>\n","protected":false},"excerpt":{"rendered":"<div class=\"mh-excerpt\"><p>Se llevar\u00e1 a cabo, como se hace anualmente, el retiro de los sacerdotes de la di\u00f3cesis. El mismo, tendr\u00e1 lugar en el CECABs de la <a class=\"mh-excerpt-more\" href=\"https:\/\/www.obispadorqta.org.ar\/v3\/retiro-anual-de-sacerdotes-2\/\" title=\"Retiro Anual de Sacerdotes\">[&#8230;]<\/a><\/p>\n<\/div>","protected":false},"author":2,"featured_media":4431,"comment_status":"closed","ping_status":"open","sticky":false,"template":"","format":"standard","meta":{"footnotes":""},"categories":[6,28],"tags":[],"class_list":["post-7507","post","type-post","status-publish","format-standard","has-post-thumbnail","hentry","category-news","category-latest-news"],"_links":{"self":[{"href":"https:\/\/www.obispadorqta.org.ar\/v3\/wp-json\/wp\/v2\/posts\/7507","targetHints":{"allow":["GET"]}}],"collection":[{"href":"https:\/\/www.obispadorqta.org.ar\/v3\/wp-json\/wp\/v2\/posts"}],"about":[{"href":"https:\/\/www.obispadorqta.org.ar\/v3\/wp-json\/wp\/v2\/types\/post"}],"author":[{"embeddable":true,"href":"https:\/\/www.obispadorqta.org.ar\/v3\/wp-json\/wp\/v2\/users\/2"}],"replies":[{"embeddable":true,"href":"https:\/\/www.obispadorqta.org.ar\/v3\/wp-json\/wp\/v2\/comments?post=7507"}],"version-history":[{"count":1,"href":"https:\/\/www.obispadorqta.org.ar\/v3\/wp-json\/wp\/v2\/posts\/7507\/revisions"}],"predecessor-version":[{"id":7508,"href":"https:\/\/www.obispadorqta.org.ar\/v3\/wp-json\/wp\/v2\/posts\/7507\/revisions\/7508"}],"wp:featuredmedia":[{"embeddable":true,"href":"https:\/\/www.obispadorqta.org.ar\/v3\/wp-json\/wp\/v2\/media\/4431"}],"wp:attachment":[{"href":"https:\/\/www.obispadorqta.org.ar\/v3\/wp-json\/wp\/v2\/media?parent=7507"}],"wp:term":[{"taxonomy":"category","embeddable":true,"href":"https:\/\/www.obispadorqta.org.ar\/v3\/wp-json\/wp\/v2\/categories?post=7507"},{"taxonomy":"post_tag","embeddable":true,"href":"https:\/\/www.obispadorqta.org.ar\/v3\/wp-json\/wp\/v2\/tags?post=7507"}],"curies":[{"name":"wp","href":"https:\/\/api.w.org\/{rel}","templated":true}]}}