{"id":7509,"date":"2022-05-09T10:27:02","date_gmt":"2022-05-09T13:27:02","guid":{"rendered":"http:\/\/www.obispadorqta.org.ar\/v3\/?p=7509"},"modified":"2022-05-17T14:03:33","modified_gmt":"2022-05-17T17:03:33","slug":"primer-asamblea-sinodal-diocesana","status":"publish","type":"post","link":"https:\/\/www.obispadorqta.org.ar\/v3\/primer-asamblea-sinodal-diocesana\/","title":{"rendered":"Primer Asamblea Sinodal Diocesana"},"content":{"rendered":"<p style=\"text-align: justify;\">Desde el Obispado de Reconquista, hacemos extensiva al Pueblo de Dios, la invitaci\u00f3n de nuestro obispo diocesano, Mons. Dr. \u00c1ngel Jos\u00e9 Mac\u00edn, a participar de la Primer Asamblea Sinodal Diocesana:<\/p>\n\n\n<figure class=\"wp-block-image size-large\"><img loading=\"lazy\" decoding=\"async\" width=\"744\" height=\"1024\" src=\"https:\/\/www.obispadorqta.org.ar\/v3\/wp-content\/uploads\/2022\/05\/escanear0001_page-0001-744x1024.jpg\" alt=\"\" class=\"wp-image-7511\" srcset=\"https:\/\/www.obispadorqta.org.ar\/v3\/wp-content\/uploads\/2022\/05\/escanear0001_page-0001-744x1024.jpg 744w, https:\/\/www.obispadorqta.org.ar\/v3\/wp-content\/uploads\/2022\/05\/escanear0001_page-0001-218x300.jpg 218w, https:\/\/www.obispadorqta.org.ar\/v3\/wp-content\/uploads\/2022\/05\/escanear0001_page-0001-768x1057.jpg 768w, https:\/\/www.obispadorqta.org.ar\/v3\/wp-content\/uploads\/2022\/05\/escanear0001_page-0001-1116x1536.jpg 1116w, https:\/\/www.obispadorqta.org.ar\/v3\/wp-content\/uploads\/2022\/05\/escanear0001_page-0001.jpg 1275w\" sizes=\"auto, (max-width: 744px) 100vw, 744px\" \/><\/figure>\n","protected":false},"excerpt":{"rendered":"<div class=\"mh-excerpt\"><p>Desde el Obispado de Reconquista, hacemos extensiva al Pueblo de Dios, la invitaci\u00f3n de nuestro obispo diocesano, Mons. Dr. \u00c1ngel Jos\u00e9 Mac\u00edn, a participar de <a class=\"mh-excerpt-more\" href=\"https:\/\/www.obispadorqta.org.ar\/v3\/primer-asamblea-sinodal-diocesana\/\" title=\"Primer Asamblea Sinodal Diocesana\">[&#8230;]<\/a><\/p>\n<\/div>","protected":false},"author":2,"featured_media":5146,"comment_status":"closed","ping_status":"open","sticky":false,"template":"","format":"standard","meta":{"footnotes":""},"categories":[6,28],"tags":[],"class_list":["post-7509","post","type-post","status-publish","format-standard","has-post-thumbnail","hentry","category-news","category-latest-news"],"_links":{"self":[{"href":"https:\/\/www.obispadorqta.org.ar\/v3\/wp-json\/wp\/v2\/posts\/7509","targetHints":{"allow":["GET"]}}],"collection":[{"href":"https:\/\/www.obispadorqta.org.ar\/v3\/wp-json\/wp\/v2\/posts"}],"about":[{"href":"https:\/\/www.obispadorqta.org.ar\/v3\/wp-json\/wp\/v2\/types\/post"}],"author":[{"embeddable":true,"href":"https:\/\/www.obispadorqta.org.ar\/v3\/wp-json\/wp\/v2\/users\/2"}],"replies":[{"embeddable":true,"href":"https:\/\/www.obispadorqta.org.ar\/v3\/wp-json\/wp\/v2\/comments?post=7509"}],"version-history":[{"count":3,"href":"https:\/\/www.obispadorqta.org.ar\/v3\/wp-json\/wp\/v2\/posts\/7509\/revisions"}],"predecessor-version":[{"id":7513,"href":"https:\/\/www.obispadorqta.org.ar\/v3\/wp-json\/wp\/v2\/posts\/7509\/revisions\/7513"}],"wp:featuredmedia":[{"embeddable":true,"href":"https:\/\/www.obispadorqta.org.ar\/v3\/wp-json\/wp\/v2\/media\/5146"}],"wp:attachment":[{"href":"https:\/\/www.obispadorqta.org.ar\/v3\/wp-json\/wp\/v2\/media?parent=7509"}],"wp:term":[{"taxonomy":"category","embeddable":true,"href":"https:\/\/www.obispadorqta.org.ar\/v3\/wp-json\/wp\/v2\/categories?post=7509"},{"taxonomy":"post_tag","embeddable":true,"href":"https:\/\/www.obispadorqta.org.ar\/v3\/wp-json\/wp\/v2\/tags?post=7509"}],"curies":[{"name":"wp","href":"https:\/\/api.w.org\/{rel}","templated":true}]}}